{"id":3619,"date":"2020-04-27T02:42:44","date_gmt":"2020-04-27T02:42:44","guid":{"rendered":"https:\/\/fecovi.coop\/web\/?p=3619"},"modified":"2020-04-27T03:01:33","modified_gmt":"2020-04-27T03:01:33","slug":"reapertura-parcial-de-la-sede","status":"publish","type":"post","link":"https:\/\/fecovi.coop\/web\/reapertura-parcial-de-la-sede\/","title":{"rendered":"Reapertura parcial de la sede"},"content":{"rendered":"\n<p>Comunicamos que a partir de este lunes 27 de abril, FECOVI reabrir\u00e1 su sede en forma parcial, atendiendo los d\u00edas lunes, mi\u00e9rcoles y viernes en el horario de 13.30 a 19.00 horas.&nbsp;<\/p>\n\n\n\n<p>El ingreso se realizar\u00e1 de a una persona por vez, siguiendo el protocolo que publicamos a continuaci\u00f3n, a los efectos de la prevenci\u00f3n del contagio del COVID 19.<\/p>\n\n\n\n<p>Por el momento no se realizar\u00e1n reuniones en la Federaci\u00f3n.&nbsp;<\/p>\n\n\n\n<p>Les recordamos que todos los servicios y equipos t\u00e9cnicos contin\u00faan funcionando por la modalidad teletrabajo a trav\u00e9s de las siguientes direcciones electr\u00f3nicas:coordinador@fecovi.coop<br> arquitectura@fecovi.coop<br> juridica@fecovi.coop<br> areasocial@fecovi.coop<br> cazzarini@fecovi.coop<br> tesoreria@fecovi.coop<br> administracion@fecovi.coop<br> economia@fecovi.coop<br> comunicacion@fecovi.coop<\/p>\n\n\n\n<p>El Consejo Directivo se encuentra a disposici\u00f3n de todas las inquietudes, necesidades y sugerencias de las cooperativas a trav\u00e9s de la siguiente direcci\u00f3n: consejo@fecovi.coop.&nbsp;<\/p>\n\n\n\n<p>Una vez evaluada esta etapa, y siguiendo las directivas de las autoridades de la salud, se proceder\u00e1 a una segunda etapa tendiente a la normalizaci\u00f3n de los servicios y funcionamiento.<\/p>\n\n\n\n<p><a href=\"https:\/\/fecovi.coop\/web\/wp-content\/uploads\/2020\/04\/Protocolo_Abril2020-1.pdf\" target=\"_blank\" rel=\"noreferrer noopener\" aria-label=\"Protocolo de reapertura de la Sede - COVID-19\ufffc (se abre en una nueva pesta\u00f1a)\">Protocolo de reapertura de la Sede &#8211; COVID-19<img decoding=\"async\" class=\"wp-image-3630\" style=\"width: NaNpx;\" src=\"https:\/\/fecovi.coop\/web\/wp-content\/uploads\/2020\/04\/Protocolo_Abril2020-1.pdf\" alt=\"\"><\/a><\/p>\n\n\n","protected":false},"excerpt":{"rendered":"<p>Comunicamos que a partir de este lunes 27 de abril, FECOVI reabrir\u00e1 su sede en forma parcial, atendiendo los d\u00edas lunes, mi\u00e9rcoles y viernes en el horario de 13.30 a &#8230;<\/p>\n","protected":false},"author":1,"featured_media":3620,"comment_status":"closed","ping_status":"closed","sticky":false,"template":"","format":"standard","meta":{"footnotes":""},"categories":[2],"tags":[],"class_list":["post-3619","post","type-post","status-publish","format-standard","has-post-thumbnail","hentry","category-noticias"],"_links":{"self":[{"href":"https:\/\/fecovi.coop\/web\/wp-json\/wp\/v2\/posts\/3619","targetHints":{"allow":["GET"]}}],"collection":[{"href":"https:\/\/fecovi.coop\/web\/wp-json\/wp\/v2\/posts"}],"about":[{"href":"https:\/\/fecovi.coop\/web\/wp-json\/wp\/v2\/types\/post"}],"author":[{"embeddable":true,"href":"https:\/\/fecovi.coop\/web\/wp-json\/wp\/v2\/users\/1"}],"replies":[{"embeddable":true,"href":"https:\/\/fecovi.coop\/web\/wp-json\/wp\/v2\/comments?post=3619"}],"version-history":[{"count":2,"href":"https:\/\/fecovi.coop\/web\/wp-json\/wp\/v2\/posts\/3619\/revisions"}],"predecessor-version":[{"id":3631,"href":"https:\/\/fecovi.coop\/web\/wp-json\/wp\/v2\/posts\/3619\/revisions\/3631"}],"wp:featuredmedia":[{"embeddable":true,"href":"https:\/\/fecovi.coop\/web\/wp-json\/wp\/v2\/media\/3620"}],"wp:attachment":[{"href":"https:\/\/fecovi.coop\/web\/wp-json\/wp\/v2\/media?parent=3619"}],"wp:term":[{"taxonomy":"category","embeddable":true,"href":"https:\/\/fecovi.coop\/web\/wp-json\/wp\/v2\/categories?post=3619"},{"taxonomy":"post_tag","embeddable":true,"href":"https:\/\/fecovi.coop\/web\/wp-json\/wp\/v2\/tags?post=3619"}],"curies":[{"name":"wp","href":"https:\/\/api.w.org\/{rel}","templated":true}]}}