{"id":3558,"date":"2020-02-20T16:26:31","date_gmt":"2020-02-20T16:26:31","guid":{"rendered":"https:\/\/fecovi.coop\/web\/?p=3558"},"modified":"2020-03-23T18:58:32","modified_gmt":"2020-03-23T18:58:32","slug":"fecovi-reunido-con-futura-ministra-y-director-de-vivienda","status":"publish","type":"post","link":"https:\/\/fecovi.coop\/web\/fecovi-reunido-con-futura-ministra-y-director-de-vivienda\/","title":{"rendered":"FECOVI se reuni\u00f3 con futura Ministra y Director de Vivienda"},"content":{"rendered":"\n<div class=\"wp-block-image\"><figure class=\"aligncenter size-large\"><img loading=\"lazy\" decoding=\"async\" width=\"800\" height=\"470\" src=\"https:\/\/fecovi.coop\/web\/wp-content\/uploads\/2020\/02\/ministra.jpg\" alt=\"\" class=\"wp-image-3561\" srcset=\"https:\/\/fecovi.coop\/web\/wp-content\/uploads\/2020\/02\/ministra.jpg 800w, https:\/\/fecovi.coop\/web\/wp-content\/uploads\/2020\/02\/ministra-300x176.jpg 300w, https:\/\/fecovi.coop\/web\/wp-content\/uploads\/2020\/02\/ministra-768x451.jpg 768w\" sizes=\"auto, (max-width: 800px) 100vw, 800px\" \/><\/figure><\/div>\n\n\n\n<p>En la tarde del jueves 19 de febrero, el Presidente de FECOVI, Ricardo Pisciottano y el Secretario General, Dr. Alberto Esteves mantuvieron una productiva reuni\u00f3n con la actual Senadora y futura Ministra de Vivienda Dra. Irene Moreira, y quien ocupar\u00e1 la Direcci\u00f3n de Vivienda de dicha cartera, Arq. Jorge Perini.<\/p>\n\n\n\n<p>Las futuras\nautoridades ministeriales recibieron en el despacho de la Senadora a\nlos representantes de FECOVI, con quienes mantuvieron un intercambio\nde casi una hora de duraci\u00f3n. Adem\u00e1s de presentar el trabajo de la\nFederaci\u00f3n en sus 35 a\u00f1os de trayectoria y abundar sobre el sistema\ncooperativo de vivienda de ahorro previo como una oportunidad para\nque familias de trabajadores efectivicen el derecho humano a la\nvivienda digna, en la oportunidad se dejaron planteados los\nprincipales desaf\u00edos existentes, relativos a las tierras en \u00e1reas\ncentrales para la construcci\u00f3n de nuevos proyectos cooperativos que\naporten a un desarrollo urbano inteligente, los pr\u00e9stamos para\nconstruir y sus tasas de inter\u00e9s, la recuperaci\u00f3n del Fondo\nNacional de Vivienda, el subsidio a la permanencia, y la ausencia de\nreferencias al cooperativismo de vivienda en la actual versi\u00f3n del\nborrador de Ley de Urgente Consideraci\u00f3n<\/p>\n\n\n\n<p>La Senadora Irene Moreira destac\u00f3 la prioridad de su cartera en materia de vivienda, con foco en la vivienda de inter\u00e9s social -como lo son las cooperativas- y atender especialmente a poblaciones vulnerables.  Comparti\u00f3 el criterio y necesidad de asegurar tierras y fondos para desarrollar una pol\u00edtica de vivienda, asegur\u00f3 estar ya trabajando y presentando aportes en este sentido, que seguramente recoger\u00e1n algunas de las inquietudes planteadas.  <\/p>\n\n\n\n<p>Por su parte, el\nfuturo Director Nacional de Vivienda Arq. Jorge Perini, destac\u00f3 el\naporte que las cooperativas de FECOVI han hecho al desarrollo urbano,\ncon emblem\u00e1ticos ejemplos como el Complejo Bulevar Artigas y VICMAN,\nal tiempo que subray\u00f3 las bondades de la construcci\u00f3n en altura que\npermite densificar zonas con servicios e incluso contribuir a\nrevitalizar espacios depreciados. \n<\/p>\n\n\n\n<p>Ambos recibieron\ndocumentaci\u00f3n de la Federaci\u00f3n, as\u00ed como tambi\u00e9n un ejemplar de\nlas Propuestas Program\u00e1ticas elaboradas por el conjunto de la\nConfederaci\u00f3n de Entidades Cooperativas CUDECOOP que recogen las\nprincipales necesidades e incitativas de cada una de las modalidades\ncooperativas. \n<\/p>\n\n\n\n<p>El di\u00e1logo qued\u00f3 abierto y el compromiso de pr\u00f3ximos encuentros para comenzar a trabajar aspectos concretos, instancias que se dar\u00e1n ya en la sede ministerial, as\u00ed como tambi\u00e9n en la sede FECOVI que ambas autoridades fueron invitadas a conocer.  <\/p>\n","protected":false},"excerpt":{"rendered":"<p>En la tarde del jueves 19 de febrero, el Presidente de FECOVI, Ricardo Pisciottano y el Secretario General, Dr. Alberto Esteves mantuvieron una productiva reuni\u00f3n con la actual Senadora y &#8230;<\/p>\n","protected":false},"author":1,"featured_media":3561,"comment_status":"closed","ping_status":"closed","sticky":false,"template":"","format":"standard","meta":{"footnotes":""},"categories":[2],"tags":[],"class_list":["post-3558","post","type-post","status-publish","format-standard","has-post-thumbnail","hentry","category-noticias"],"_links":{"self":[{"href":"https:\/\/fecovi.coop\/web\/wp-json\/wp\/v2\/posts\/3558","targetHints":{"allow":["GET"]}}],"collection":[{"href":"https:\/\/fecovi.coop\/web\/wp-json\/wp\/v2\/posts"}],"about":[{"href":"https:\/\/fecovi.coop\/web\/wp-json\/wp\/v2\/types\/post"}],"author":[{"embeddable":true,"href":"https:\/\/fecovi.coop\/web\/wp-json\/wp\/v2\/users\/1"}],"replies":[{"embeddable":true,"href":"https:\/\/fecovi.coop\/web\/wp-json\/wp\/v2\/comments?post=3558"}],"version-history":[{"count":4,"href":"https:\/\/fecovi.coop\/web\/wp-json\/wp\/v2\/posts\/3558\/revisions"}],"predecessor-version":[{"id":3580,"href":"https:\/\/fecovi.coop\/web\/wp-json\/wp\/v2\/posts\/3558\/revisions\/3580"}],"wp:featuredmedia":[{"embeddable":true,"href":"https:\/\/fecovi.coop\/web\/wp-json\/wp\/v2\/media\/3561"}],"wp:attachment":[{"href":"https:\/\/fecovi.coop\/web\/wp-json\/wp\/v2\/media?parent=3558"}],"wp:term":[{"taxonomy":"category","embeddable":true,"href":"https:\/\/fecovi.coop\/web\/wp-json\/wp\/v2\/categories?post=3558"},{"taxonomy":"post_tag","embeddable":true,"href":"https:\/\/fecovi.coop\/web\/wp-json\/wp\/v2\/tags?post=3558"}],"curies":[{"name":"wp","href":"https:\/\/api.w.org\/{rel}","templated":true}]}}