{"id":3504,"date":"2019-12-10T20:13:06","date_gmt":"2019-12-10T20:13:06","guid":{"rendered":"https:\/\/fecovi.coop\/web\/?p=3504"},"modified":"2019-12-12T21:07:11","modified_gmt":"2019-12-12T21:07:11","slug":"ano-nuevo-casa-nueva-inauguro-gardeliana-sur","status":"publish","type":"post","link":"https:\/\/fecovi.coop\/web\/ano-nuevo-casa-nueva-inauguro-gardeliana-sur\/","title":{"rendered":"A\u00f1o nuevo, casa nueva: Inaugur\u00f3 Gardeliana Sur"},"content":{"rendered":"\n<p>Un a\u00f1o que termina bien arriba para la Federaci\u00f3n y nuestros socios, con una nueva cooperativa inaugurada en Barrio Sur: Gardeliana Sur. 48 familias que desde el a\u00f1o 2007 persiguen su sue\u00f1o colectivo de la vivienda propia, concretaron su logro.  <br>Ubicada en Jos\u00e9 Mar\u00eda Roo al 1275, y con una vista privilegiada de la rambla, el edificio Gardeliana Sur suma una obra m\u00e1s al predio integrado por las cooperativas Viraz\u00f3n, Castalia, Cuareim y Ufama. Un proyecto que es el resultado del esfuerzo conjunto, tal como lo expresara el Presidente de nuestra Federaci\u00f3n Ricardo Pisciottano durante la ceremonia de inauguraci\u00f3n; se trata de festejar \u201cque un mont\u00f3n de gente dej\u00f3 de jugar a \u201chacer la m\u00eda\u201d para apostar a lo colectivo y lograr entre todos este sue\u00f1o\u201d. <br>Desde las 14.00 horas del s\u00e1bado 7 de diciembre comenzaron a llegar vecinos, socios de las cooperativas aleda\u00f1as, familiares, compa\u00f1eros de cooperativas en construcci\u00f3n (que se acercaron con propuestas gastron\u00f3micas y de venta de art\u00edculos), para participar de esta fiesta del barrio, que cont\u00f3 con la participaci\u00f3n de la Comparsa Valores, El Alem\u00e1n, Denis El\u00edas, atracciones para ni\u00f1os y diferentes propuestas recreativas. <br>Acompa\u00f1aron adem\u00e1s el Director Nacional de Vivienda Arq. Salvador Schelotto, el Presidente de la Agencia Nacional de Vivienda, Francisco Beltrame, y representantes del Consejo Directivo de FECOVI. <br>Desde el MVOTMA, Schelotto resalt\u00f3 el compromiso asumido en el a\u00f1o 1989 por el entonces Intendente de Montevideo Dr. Tabar\u00e9 V\u00e1zquez, de crear la Cartera Municipal de Tierras para viviendas, y que 15 a\u00f1os despu\u00e9s, siendo Presidente de la Rep\u00fablica reorganiz\u00f3 a trav\u00e9s del Sistema P\u00fablico de Vivienda y el Fondo Nacional de Vivienda para poder impulsar el movimiento cooperativo a trav\u00e9s del cual ya se han inaugurado -desde entonces- m\u00e1s de 7.000 unidades de viviendas cooperativas, habiendo otras 7.000 en obra en todo el pa\u00eds. <br>Por su parte, el  Presidente de la Agencia Nacional de Vivienda, Francisco Beltrame mencion\u00f3 la gran transformaci\u00f3n que ha sufrido el Barrio Sur, gracias a un \u201cmundo cooperativo\u201d que desde el a\u00f1o 2005 con la inauguraci\u00f3n de Ufama al Sur (primera cooperativa) no ha dejado de crecer. \u201cLas pol\u00edticas llegaron para transformar tambi\u00e9n las posibilidades de acceso a la ciudad\u201d, destac\u00f3. <br> Y agreg\u00f3 que cuando por el 2005 \u201cesto era un p\u00e1ramo\u201d, no parec\u00eda posible pensar en todo lo que vendr\u00eda despu\u00e9s de la mano de propuestas municipales y de las Federaciones de Cooperativas de Vivienda: \u201cuna elaboraci\u00f3n de posibilidades efectivas para poder acceder a la vivienda con transparencia, con seguridades, de forma tal de que cada cooperativa en funci\u00f3n de su trabajo pudiera ir realizando este construir su propio destino\u201d. <br>Finalmente felicit\u00f3 a todos los integrantes de Gardeliana Sur por el esfuerzo que se ve recompensado. \u201cMuchas veces uno pasa por la ciudad y no tiene idea de la trascendencia del esfuerzo que hay  detr\u00e1s de cada una de las construcciones\u201d. <br>Desde la cooperativa, la Secretaria Ana Gonz\u00e1lez realiz\u00f3 un emotivo discurso en el que destac\u00f3 que formar una cooperativa es un proyecto de vida, es asumir una meta grupal que transforma y hace que cada cosa tenga un sentido, incluso en los momentos m\u00e1s complicados en que el esfuerzo se vuelve cuesta arriba. <br> \u201cEn estos momentos de euforia por el logro alcanzado, debemos ser humildes y agradecer a todos los que han aportado desde diferentes lugares. Cada ladrillo que sirvi\u00f3 para levantar este edificio tuvo detr\u00e1s trabajadores que en d\u00edas de invierno y de verano fueron dando su propia vida (\u2026) Con esto queremos decir gracias a todos, los que est\u00e1n, los que se fueron, que pasaron por nuestra cooperativa, dejaron su esfuerzo. Gracias a las instituciones, las organizaciones, las diferentes comisiones que han pasado por Gardeliana, que han sido todas con mucho esfuerzo y con mucha dedicaci\u00f3n y a todas las personas que participan de esta cooperativa. As\u00ed, poco a poco cada uno fue dejando una huella, pero ahora el futuro debe ser cuidadoso de lo que vendr\u00e1, y de proteger a estos peque\u00f1os que est\u00e1n naciendo ahora y vas a ser los que van a llenar nuestro espacio en el futuro\u201d, cerr\u00f3.  <br> \u00a1Muchas felicidades a los compa\u00f1eros de Gardeliana Sur y a disfrutar de su nuevo hogar!<\/p>\n\n\n\n<a data-flickr-embed=\"true\" href=\"https:\/\/www.flickr.com\/gp\/184911302@N07\/8ThQ4k\" title=\"Inauguraci\u00f3n Cooperativa Gardeliana Sur - Diciembre 2019\"><img loading=\"lazy\" decoding=\"async\" src=\"https:\/\/live.staticflickr.com\/65535\/49199447637_d3e28f6513.jpg\" alt=\"Inauguraci\u00f3n Cooperativa Gardeliana Sur - Diciembre 2019\" width=\"500\" height=\"334\"><\/a><script async=\"\" src=\"\/\/embedr.flickr.com\/assets\/client-code.js\" charset=\"utf-8\"><\/script>\n","protected":false},"excerpt":{"rendered":"<p>Un a\u00f1o que termina bien arriba para la Federaci\u00f3n y nuestros socios, con una nueva cooperativa inaugurada en Barrio Sur: Gardeliana Sur. 48 familias que desde el a\u00f1o 2007 persiguen &#8230;<\/p>\n","protected":false},"author":1,"featured_media":3505,"comment_status":"closed","ping_status":"closed","sticky":false,"template":"","format":"standard","meta":{"footnotes":""},"categories":[2],"tags":[],"class_list":["post-3504","post","type-post","status-publish","format-standard","has-post-thumbnail","hentry","category-noticias"],"_links":{"self":[{"href":"https:\/\/fecovi.coop\/web\/wp-json\/wp\/v2\/posts\/3504","targetHints":{"allow":["GET"]}}],"collection":[{"href":"https:\/\/fecovi.coop\/web\/wp-json\/wp\/v2\/posts"}],"about":[{"href":"https:\/\/fecovi.coop\/web\/wp-json\/wp\/v2\/types\/post"}],"author":[{"embeddable":true,"href":"https:\/\/fecovi.coop\/web\/wp-json\/wp\/v2\/users\/1"}],"replies":[{"embeddable":true,"href":"https:\/\/fecovi.coop\/web\/wp-json\/wp\/v2\/comments?post=3504"}],"version-history":[{"count":2,"href":"https:\/\/fecovi.coop\/web\/wp-json\/wp\/v2\/posts\/3504\/revisions"}],"predecessor-version":[{"id":3508,"href":"https:\/\/fecovi.coop\/web\/wp-json\/wp\/v2\/posts\/3504\/revisions\/3508"}],"wp:featuredmedia":[{"embeddable":true,"href":"https:\/\/fecovi.coop\/web\/wp-json\/wp\/v2\/media\/3505"}],"wp:attachment":[{"href":"https:\/\/fecovi.coop\/web\/wp-json\/wp\/v2\/media?parent=3504"}],"wp:term":[{"taxonomy":"category","embeddable":true,"href":"https:\/\/fecovi.coop\/web\/wp-json\/wp\/v2\/categories?post=3504"},{"taxonomy":"post_tag","embeddable":true,"href":"https:\/\/fecovi.coop\/web\/wp-json\/wp\/v2\/tags?post=3504"}],"curies":[{"name":"wp","href":"https:\/\/api.w.org\/{rel}","templated":true}]}}