{"id":3500,"date":"2019-12-06T20:15:16","date_gmt":"2019-12-06T20:15:16","guid":{"rendered":"https:\/\/fecovi.coop\/web\/?p=3500"},"modified":"2019-12-06T20:16:10","modified_gmt":"2019-12-06T20:16:10","slug":"cooperativa-covitvuno-finalizo-sus-obras","status":"publish","type":"post","link":"https:\/\/fecovi.coop\/web\/cooperativa-covitvuno-finalizo-sus-obras\/","title":{"rendered":"Una tarde de fiesta: Cooperativa COVITVUNO finaliz\u00f3 sus obras"},"content":{"rendered":"\n<p>El s\u00e1bado 30 de noviembre la calle Surraco -entre Mariano Moreno y Jaime Cibils- se visti\u00f3 de fiesta para celebrar el cierre de una etapa de la cooperativa COVITVUNO, que finaliz\u00f3 sus obras y est\u00e1 comenzando a ser habitada. <br>Fundada en el 2011 y constituida por 41 socios, COVITVUNO suma una cooperativa m\u00e1s de FECOVI al barrio La Blanqueada, que al d\u00eda de hoy cuenta con 11 cooperativas edificadas y 1 actualmente en obra, dando hogar a m\u00e1s de 500 familias. <br> La fiesta comenz\u00f3 a las 17.00 horas y cont\u00f3 con la presencia del  Director Nacional de Vivienda Arq. Salvador Schelotto, y de integrantes del Consejo Directivo de FECOVI, que compartieron junto a las familias del barrio de la participaci\u00f3n de bandas musicales, espect\u00e1culos de danza, cuerda de tambores, juegos para ni\u00f1os y una plaza de comidas con diferentes propuestas gastron\u00f3micas. <br>\u00a1Felicitaciones a los compa\u00f1eros de COVITVUNO, y a disfrutar de este logro!<\/p>\n\n\n\n<a data-flickr-embed=\"true\" href=\"https:\/\/www.flickr.com\/photos\/184911302@N07\/albums\/72157712089619003\" title=\"Cierre de Obra - COVITVUNO - 30.11.19\"><img loading=\"lazy\" decoding=\"async\" src=\"https:\/\/live.staticflickr.com\/65535\/49178175743_92ef1d180e.jpg\" width=\"500\" height=\"334\" alt=\"Cierre de Obra - COVITVUNO - 30.11.19\"><\/a><script async src=\"\/\/embedr.flickr.com\/assets\/client-code.js\" charset=\"utf-8\"><\/script>\n","protected":false},"excerpt":{"rendered":"<p>El s\u00e1bado 30 de noviembre la calle Surraco -entre Mariano Moreno y Jaime Cibils- se visti\u00f3 de fiesta para celebrar el cierre de una etapa de la cooperativa COVITVUNO, que &#8230;<\/p>\n","protected":false},"author":1,"featured_media":3501,"comment_status":"closed","ping_status":"closed","sticky":false,"template":"","format":"standard","meta":{"footnotes":""},"categories":[2],"tags":[],"class_list":["post-3500","post","type-post","status-publish","format-standard","has-post-thumbnail","hentry","category-noticias"],"_links":{"self":[{"href":"https:\/\/fecovi.coop\/web\/wp-json\/wp\/v2\/posts\/3500","targetHints":{"allow":["GET"]}}],"collection":[{"href":"https:\/\/fecovi.coop\/web\/wp-json\/wp\/v2\/posts"}],"about":[{"href":"https:\/\/fecovi.coop\/web\/wp-json\/wp\/v2\/types\/post"}],"author":[{"embeddable":true,"href":"https:\/\/fecovi.coop\/web\/wp-json\/wp\/v2\/users\/1"}],"replies":[{"embeddable":true,"href":"https:\/\/fecovi.coop\/web\/wp-json\/wp\/v2\/comments?post=3500"}],"version-history":[{"count":2,"href":"https:\/\/fecovi.coop\/web\/wp-json\/wp\/v2\/posts\/3500\/revisions"}],"predecessor-version":[{"id":3503,"href":"https:\/\/fecovi.coop\/web\/wp-json\/wp\/v2\/posts\/3500\/revisions\/3503"}],"wp:featuredmedia":[{"embeddable":true,"href":"https:\/\/fecovi.coop\/web\/wp-json\/wp\/v2\/media\/3501"}],"wp:attachment":[{"href":"https:\/\/fecovi.coop\/web\/wp-json\/wp\/v2\/media?parent=3500"}],"wp:term":[{"taxonomy":"category","embeddable":true,"href":"https:\/\/fecovi.coop\/web\/wp-json\/wp\/v2\/categories?post=3500"},{"taxonomy":"post_tag","embeddable":true,"href":"https:\/\/fecovi.coop\/web\/wp-json\/wp\/v2\/tags?post=3500"}],"curies":[{"name":"wp","href":"https:\/\/api.w.org\/{rel}","templated":true}]}}