{"id":3489,"date":"2019-11-28T21:54:59","date_gmt":"2019-11-28T21:54:59","guid":{"rendered":"https:\/\/fecovi.coop\/web\/?p=3489"},"modified":"2019-11-28T21:55:00","modified_gmt":"2019-11-28T21:55:00","slug":"inaugura-cooperativa-gardeliana-sur","status":"publish","type":"post","link":"https:\/\/fecovi.coop\/web\/inaugura-cooperativa-gardeliana-sur\/","title":{"rendered":"Inaugura Cooperativa Gardeliana Sur"},"content":{"rendered":"\n<p>Invitamos a la fiesta de inauguraci\u00f3n de la Cooperativa Gardeliana Sur, que se realizar\u00e1 el pr\u00f3ximo s\u00e1bado 7 de diciembre de 14.00 a 18.00 horas en Jos\u00e9 Mar\u00eda Roo 1275. Habr\u00e1 m\u00fasica en vivo, atracciones para ni\u00f1os y variadas propuestas gastron\u00f3micas. \u00a1Los esperamos!<\/p>\n\n\n\n<figure class=\"wp-block-image size-large\"><img loading=\"lazy\" decoding=\"async\" width=\"750\" height=\"561\" src=\"https:\/\/fecovi.coop\/web\/wp-content\/uploads\/2019\/11\/IMG-20191128-WA0050.jpg\" alt=\"\" class=\"wp-image-3490\" srcset=\"https:\/\/fecovi.coop\/web\/wp-content\/uploads\/2019\/11\/IMG-20191128-WA0050.jpg 750w, https:\/\/fecovi.coop\/web\/wp-content\/uploads\/2019\/11\/IMG-20191128-WA0050-300x224.jpg 300w\" sizes=\"auto, (max-width: 750px) 100vw, 750px\" \/><\/figure>\n","protected":false},"excerpt":{"rendered":"<p>Invitamos a la fiesta de inauguraci\u00f3n de la Cooperativa Gardeliana Sur, que se realizar\u00e1 el pr\u00f3ximo s\u00e1bado 7 de diciembre de 14.00 a 18.00 horas en Jos\u00e9 Mar\u00eda Roo 1275. &#8230;<\/p>\n","protected":false},"author":1,"featured_media":3491,"comment_status":"closed","ping_status":"closed","sticky":false,"template":"","format":"standard","meta":{"footnotes":""},"categories":[2],"tags":[],"class_list":["post-3489","post","type-post","status-publish","format-standard","has-post-thumbnail","hentry","category-noticias"],"_links":{"self":[{"href":"https:\/\/fecovi.coop\/web\/wp-json\/wp\/v2\/posts\/3489","targetHints":{"allow":["GET"]}}],"collection":[{"href":"https:\/\/fecovi.coop\/web\/wp-json\/wp\/v2\/posts"}],"about":[{"href":"https:\/\/fecovi.coop\/web\/wp-json\/wp\/v2\/types\/post"}],"author":[{"embeddable":true,"href":"https:\/\/fecovi.coop\/web\/wp-json\/wp\/v2\/users\/1"}],"replies":[{"embeddable":true,"href":"https:\/\/fecovi.coop\/web\/wp-json\/wp\/v2\/comments?post=3489"}],"version-history":[{"count":1,"href":"https:\/\/fecovi.coop\/web\/wp-json\/wp\/v2\/posts\/3489\/revisions"}],"predecessor-version":[{"id":3492,"href":"https:\/\/fecovi.coop\/web\/wp-json\/wp\/v2\/posts\/3489\/revisions\/3492"}],"wp:featuredmedia":[{"embeddable":true,"href":"https:\/\/fecovi.coop\/web\/wp-json\/wp\/v2\/media\/3491"}],"wp:attachment":[{"href":"https:\/\/fecovi.coop\/web\/wp-json\/wp\/v2\/media?parent=3489"}],"wp:term":[{"taxonomy":"category","embeddable":true,"href":"https:\/\/fecovi.coop\/web\/wp-json\/wp\/v2\/categories?post=3489"},{"taxonomy":"post_tag","embeddable":true,"href":"https:\/\/fecovi.coop\/web\/wp-json\/wp\/v2\/tags?post=3489"}],"curies":[{"name":"wp","href":"https:\/\/api.w.org\/{rel}","templated":true}]}}