{"id":3472,"date":"2019-11-22T13:07:06","date_gmt":"2019-11-22T13:07:06","guid":{"rendered":"https:\/\/fecovi.coop\/web\/?p=3472"},"modified":"2019-11-23T23:22:39","modified_gmt":"2019-11-23T23:22:39","slug":"cooperativa-coviappay-mas-cerca-de-su-objetivo","status":"publish","type":"post","link":"https:\/\/fecovi.coop\/web\/cooperativa-coviappay-mas-cerca-de-su-objetivo\/","title":{"rendered":"\u201cCuando los sue\u00f1os son m\u00e1s fuertes que las excusas, todo cobra sentido\u201d &#8211; Cooperativa Coviappay m\u00e1s cerca de su objetivo"},"content":{"rendered":"\n<p><em>\u201cEn tiempos de ego\u00edsmo y mezquindad, el sistema\ncooperativo nuevamente le da un rev\u00e9s a la historia, y demuestra\nincansablemente que la cooperaci\u00f3n es la clave, la herramienta de soluci\u00f3n a\nlos problemas que, desde la individualidad, ser\u00edan imposibles de resolver\u201d, <\/em>expres\u00f3 visiblemente emocionado Marcelo Pagani,\nPresidente de la Cooperativa Coviappay (Paysand\u00fa) en el acto de celebraci\u00f3n de\nla firma de la escritura que habilita a la cooperativa a acceder al pr\u00e9stamo que\npermitir\u00e1 comenzar a edificar. <\/p>\n\n\n\n<p>Constituida\nen el 2017, en el marco de la pol\u00edtica de desarrollo\nde FECOVI en el interior, la cooperativa construir\u00e1 en el expredio fabril\nPaylana, formando parte del proyecto transformador previsto para ese lugar, que\nincluye la construcci\u00f3n de otras 7 cooperativas de viviendas que albergar\u00e1n\nunas 320 familias, as\u00ed como varios emprendimientos de \u00edndole educativos,\nsanitarios, autogestionarios y comerciales.&nbsp;\n<\/p>\n\n\n\n<p>La cooperativa est\u00e1 integrada por 34 unidades, y constar\u00e1 de\nun edificio de 4 pisos ubicado en el predio C12, sobre uno de los\nprincipales corredores de la ciudad de Paysand\u00fa, Avenida Salto, a minutos del\ncentro de la ciudad.<\/p>\n\n\n\n<p><em>\u201cA muchos puede serle indiferente la realidad de lo que hoy aqu\u00ed se ha concretado. Han sido meses de incansable trabajo, de idas y vueltas, de tr\u00e1mites, de empujar como nunca antes, porque cuando la motivaci\u00f3n y los sue\u00f1os son m\u00e1s fuertes que las excusas y los \u201cno se puede\u201d, todo cobra sentido\u201d, <\/em>agreg\u00f3 Pagani, agradeciendo especialmente \u201c<em>a todos quien se han jugado la ropa por este proyecto\u201d. <\/em>En este sentido, hizo menci\u00f3n a las autoridades nacionales del Ministerio de Vivienda, al Gobierno Departamental (Dr. Guillermo Caraballo, Marcelo Romero, Claudia Moroy), a todo el equipo de la unidad de Vivienda de IDP, as\u00ed como a los ediles de la junta departamental; a Marcelo Gianotti del Instituto Cuesta Duarte, al PIT CNT, a FECOVI y todo su equipo, a todos los compa\u00f1eros cooperativistas, y finalmente a todas las familias, <em>\u201cpilares fundamentales de esta causa\u201d.<\/em><\/p>\n\n\n\n<p>El acto de la firma tuvo lugar en el mismo predio de la antigua f\u00e1brica sanducera a\nlas 18:30 horas. Junto a Coviappay firmaron adem\u00e1s las cooperativas Covisinpay\ny Covilan. A trav\u00e9s de esta firma las cooperativas podr\u00e1n acceder\u00e1 al pr\u00e9stamo\nque permitir\u00e1 concretar su sue\u00f1o. <\/p>\n\n\n\n<p>\u201c<em>A modo personal, hoy entend\u00ed una cosa:\ncuando los actores pol\u00edticos se acercan al pueblo, cosas buenas pasan, y vaya\nsi esto que hoy comienza a concretarse, da fe de ello\u201d, <\/em>agreg\u00f3 el\nPresidente de Coviappay<em>. <\/em><\/p>\n\n\n\n<p>\u201c<em>La vivienda es un derecho humano, pocos\nentienden lo que implica ver pasar la vida yendo de un lugar a otro, con esa\nsensaci\u00f3n enorme de vac\u00edo en alma, de sentir que el lugar donde est\u00e1s no te\npertenece, que tus hijos crecen en lugares inc\u00f3modos, h\u00famedos, en mal estado, o\nen el peor de los casos, en la calle (\u2026) Y esta noche, cuando pongan la cabeza\nen la almohada, recordar\u00e1n cada uno de los rostros de felicidad y emoci\u00f3n que\nhoy de este lugar se llevan\u201d, <\/em>finaliz\u00f3.<\/p>\n\n\n\n<p>Desde\nla Federaci\u00f3n, las felicitaciones a los compa\u00f1eros de Coviappay por este logro,\nque los acerca a la concreci\u00f3n de su objetivo.<\/p>\n\n\n\n<a data-flickr-embed=\"true\" href=\"https:\/\/www.flickr.com\/photos\/184911302@N07\/albums\/72157711886144986\" title=\"Firma escritura Coviappay - Noviembre 2019\"><img loading=\"lazy\" decoding=\"async\" src=\"https:\/\/live.staticflickr.com\/65535\/49103970023_8d2e919d1c.jpg\" width=\"500\" height=\"375\" alt=\"Firma escritura Coviappay - Noviembre 2019\"><\/a><script async=\"\" src=\"\/\/embedr.flickr.com\/assets\/client-code.js\" charset=\"utf-8\"><\/script>\n","protected":false},"excerpt":{"rendered":"<p>\u201cEn tiempos de ego\u00edsmo y mezquindad, el sistema cooperativo nuevamente le da un rev\u00e9s a la historia, y demuestra incansablemente que la cooperaci\u00f3n es la clave, la herramienta de soluci\u00f3n &#8230;<\/p>\n","protected":false},"author":1,"featured_media":3474,"comment_status":"closed","ping_status":"closed","sticky":false,"template":"","format":"standard","meta":{"footnotes":""},"categories":[2],"tags":[],"class_list":["post-3472","post","type-post","status-publish","format-standard","has-post-thumbnail","hentry","category-noticias"],"_links":{"self":[{"href":"https:\/\/fecovi.coop\/web\/wp-json\/wp\/v2\/posts\/3472","targetHints":{"allow":["GET"]}}],"collection":[{"href":"https:\/\/fecovi.coop\/web\/wp-json\/wp\/v2\/posts"}],"about":[{"href":"https:\/\/fecovi.coop\/web\/wp-json\/wp\/v2\/types\/post"}],"author":[{"embeddable":true,"href":"https:\/\/fecovi.coop\/web\/wp-json\/wp\/v2\/users\/1"}],"replies":[{"embeddable":true,"href":"https:\/\/fecovi.coop\/web\/wp-json\/wp\/v2\/comments?post=3472"}],"version-history":[{"count":2,"href":"https:\/\/fecovi.coop\/web\/wp-json\/wp\/v2\/posts\/3472\/revisions"}],"predecessor-version":[{"id":3476,"href":"https:\/\/fecovi.coop\/web\/wp-json\/wp\/v2\/posts\/3472\/revisions\/3476"}],"wp:featuredmedia":[{"embeddable":true,"href":"https:\/\/fecovi.coop\/web\/wp-json\/wp\/v2\/media\/3474"}],"wp:attachment":[{"href":"https:\/\/fecovi.coop\/web\/wp-json\/wp\/v2\/media?parent=3472"}],"wp:term":[{"taxonomy":"category","embeddable":true,"href":"https:\/\/fecovi.coop\/web\/wp-json\/wp\/v2\/categories?post=3472"},{"taxonomy":"post_tag","embeddable":true,"href":"https:\/\/fecovi.coop\/web\/wp-json\/wp\/v2\/tags?post=3472"}],"curies":[{"name":"wp","href":"https:\/\/api.w.org\/{rel}","templated":true}]}}