{"id":3466,"date":"2019-11-21T22:23:10","date_gmt":"2019-11-21T22:23:10","guid":{"rendered":"https:\/\/fecovi.coop\/web\/?p=3466"},"modified":"2019-11-21T23:24:30","modified_gmt":"2019-11-21T23:24:30","slug":"fecovi-presente-en-la-xxi-conferencia-regional-de-cooperativas-de-las-americas","status":"publish","type":"post","link":"https:\/\/fecovi.coop\/web\/fecovi-presente-en-la-xxi-conferencia-regional-de-cooperativas-de-las-americas\/","title":{"rendered":"FECOVI presente en la XXI Conferencia Regional de Cooperativas de las Am\u00e9ricas"},"content":{"rendered":"\n<p>El Secretario general de FECOVI, Alberto Esteves, se encuentra participando, junto a una delegaci\u00f3n uruguaya, de la XXI Conferencia Regional de Cooperativas de las Am\u00e9ricas y del 50 Congreso Continental de Derecho Cooperativo, que se est\u00e1 llevando a cabo en San Jos\u00e9, Costa Rica, del 18 al 22 de noviembre. <\/p>\n\n\n\n<p>En en marco de dicho encuentro, ha mantenido reuniones con la Red de Vivienda de Am\u00e9rica, y participado de exposiciones y espacios de intercambio.<\/p>\n\n\n\n<figure class=\"wp-block-embed-youtube wp-block-embed is-type-video is-provider-youtube wp-embed-aspect-16-9 wp-has-aspect-ratio\"><div class=\"wp-block-embed__wrapper\">\n<iframe loading=\"lazy\" title=\"Alberto Estevez - XXI Conferencia Regional de Cooperativas de las Am\u00e9ricas\" width=\"850\" height=\"478\" src=\"https:\/\/www.youtube.com\/embed\/crCtUUncjlg?feature=oembed\" frameborder=\"0\" allow=\"accelerometer; autoplay; clipboard-write; encrypted-media; gyroscope; picture-in-picture\" allowfullscreen><\/iframe>\n<\/div><\/figure>\n\n\n\n<p><a href=\"http:\/\/www.cudecoop.coop\/cudecoop\/xxi-conferencia-regional-cooperativas-de-las-americas\/\">Ver m\u00e1s informaci\u00f3n<\/a><\/p>\n\n\n\n<p><\/p>\n","protected":false},"excerpt":{"rendered":"<p>El Secretario general de FECOVI, Alberto Esteves, se encuentra participando, junto a una delegaci\u00f3n uruguaya, de la XXI Conferencia Regional de Cooperativas de las Am\u00e9ricas y del 50 Congreso Continental &#8230;<\/p>\n","protected":false},"author":1,"featured_media":3467,"comment_status":"closed","ping_status":"closed","sticky":false,"template":"","format":"standard","meta":{"footnotes":""},"categories":[2],"tags":[],"class_list":["post-3466","post","type-post","status-publish","format-standard","has-post-thumbnail","hentry","category-noticias"],"_links":{"self":[{"href":"https:\/\/fecovi.coop\/web\/wp-json\/wp\/v2\/posts\/3466","targetHints":{"allow":["GET"]}}],"collection":[{"href":"https:\/\/fecovi.coop\/web\/wp-json\/wp\/v2\/posts"}],"about":[{"href":"https:\/\/fecovi.coop\/web\/wp-json\/wp\/v2\/types\/post"}],"author":[{"embeddable":true,"href":"https:\/\/fecovi.coop\/web\/wp-json\/wp\/v2\/users\/1"}],"replies":[{"embeddable":true,"href":"https:\/\/fecovi.coop\/web\/wp-json\/wp\/v2\/comments?post=3466"}],"version-history":[{"count":3,"href":"https:\/\/fecovi.coop\/web\/wp-json\/wp\/v2\/posts\/3466\/revisions"}],"predecessor-version":[{"id":3470,"href":"https:\/\/fecovi.coop\/web\/wp-json\/wp\/v2\/posts\/3466\/revisions\/3470"}],"wp:featuredmedia":[{"embeddable":true,"href":"https:\/\/fecovi.coop\/web\/wp-json\/wp\/v2\/media\/3467"}],"wp:attachment":[{"href":"https:\/\/fecovi.coop\/web\/wp-json\/wp\/v2\/media?parent=3466"}],"wp:term":[{"taxonomy":"category","embeddable":true,"href":"https:\/\/fecovi.coop\/web\/wp-json\/wp\/v2\/categories?post=3466"},{"taxonomy":"post_tag","embeddable":true,"href":"https:\/\/fecovi.coop\/web\/wp-json\/wp\/v2\/tags?post=3466"}],"curies":[{"name":"wp","href":"https:\/\/api.w.org\/{rel}","templated":true}]}}