{"id":3462,"date":"2019-11-21T15:17:14","date_gmt":"2019-11-21T15:17:14","guid":{"rendered":"https:\/\/fecovi.coop\/web\/?p=3462"},"modified":"2021-02-11T17:19:08","modified_gmt":"2021-02-11T17:19:08","slug":"una-nueva-realidad-del-movimiento-cooperativo-inauguro-la-cooperativa-malecon-maua","status":"publish","type":"post","link":"https:\/\/fecovi.coop\/web\/una-nueva-realidad-del-movimiento-cooperativo-inauguro-la-cooperativa-malecon-maua\/","title":{"rendered":"Una nueva realidad del movimiento cooperativo: Inaugur\u00f3 la cooperativa Malec\u00f3n Mau\u00e1"},"content":{"rendered":"\n<p>\u201c\u00a1Qu\u00e9 cosa linda ser cooperativista! Entrar a tu hogar y saludarte con un beso, preocuparte por el de al lado, tender la mano y al que  lo necesita (\u2026) lograr discrepar, pero sin dejar de ver el horizonte a alcanzar (\u2026) Valorar aquello que va m\u00e1s all\u00e1 de lo individual, que como colectivo nos atraviesa y esperamos nunca nos abandone. Ese horizonte son los principios cooperativos de la igualdad, la solidaridad, la equidad, la democracia, la honestidad y la transparencia\u201d. <br>\nCon estas palabras agradec\u00edan los vecinos de Malec\u00f3n Mau\u00e1 a todos quienes los acompa\u00f1aron el s\u00e1bado 16 de noviembre en la celebraci\u00f3n de la inauguraci\u00f3n de esta nueva cooperativa de FECOVI ubicada en plena rambla sur, frente al Dique Mau\u00e1. Una torre que se levanta entre los emblem\u00e1ticos COVISURES, compuesta por 46 nuevas viviendas, y que hace 10 a\u00f1os comenz\u00f3 con este sue\u00f1o que finalmente, y con mucha alegr\u00eda, se vio concretado.  <br>\n\u201cMucha agua ha pasado bajo el puente, horas de asambleas, horas de reuniones, horas de sue\u00f1o, de pienso y toma de decisiones, que han implicado mucho trabajo y esfuerzo, pero que hoy ven su fruto en cada familia que cumpli\u00f3 su sue\u00f1o de tener su propia casa. Hemos aprendido que lo que no se logra s\u00f3lo, s\u00ed se consigue en colectivo, que el apoyo de los compa\u00f1eros es fundamental para crecer, para seguir adelante, y literalmente: construir\u201d. <br>\nLa ceremonia de inauguraci\u00f3n cont\u00f3 con la presencia del Presidente de la Agencia Nacional de Vivienda, Francisco Beltrame, quien destac\u00f3 que gracias a las pol\u00edticas activas de promoci\u00f3n del cooperativismo que se han venido desarrollando desde el a\u00f1o 2005 hasta el d\u00eda de hoy, se ha logrado que m\u00e1s de 8.000 familias est\u00e9n construyendo hogares de alta calidad de construcci\u00f3n generando nuevos espacios habitables en la ciudad, destacando la valor de la permanencia de las familias una vez que acceden.  <br>\nResalt\u00f3 este logro como motivo de celebraci\u00f3n y felicit\u00f3 a las familias cooperativas que en esta oportunidad han desarrollado un proceso largo que posibilita que se desarrolle comunidad.  <br>\nPor su parte, el Director Nacional de Vivienda, Arq. Salvador Schelotto, hizo referencia al hecho de estar celebrando el \u201cresultado tangible de una serie de cosas que a veces parecen abstractas y distantes\u201d. \u201cRecorrer, conocer las dificultades y tiempos que llev\u00f3 todo esto, entrar a las casas, es materializar el esfuerzo que es de muchos sectores: del sector p\u00fablico, de la Federaci\u00f3n, de la propia cooperativa y las familias, y tambi\u00e9n de la sociedad toda que de alguna manera hace posible a trav\u00e9s del financiamiento p\u00fablico del Fono de Vivienda, que estas cosas ocurran y sigan ocurriendo\u201d. <br>\nDesde FECOVI, el Presiente Ricardo Pisciottano felicit\u00f3 especialmente a todos los cooperativistas, mencionando tambi\u00e9n a los que pasaron por este proceso -que tiene 10 a\u00f1os de recorrido- pero que hoy no est\u00e1n, destacando que \u201cuna cooperativa es una historia de vida y de presencia\u201d, y reconociendo que todas las cooperativas de FECOVI han comenzado y finalizado sus obras siempre, sin dejar alguna por el camino. <br>\n\u201cHoy celebramos la inauguraci\u00f3n de 46 viviendas en un edificio espectacular ubicado en una zona emblem\u00e1tica de la ciudad. Se trata de un lugar deteriorado que en conjunto con el gobierno logramos convertir en algo totalmente habitable\u201d.   <br>\n\u00a1Felicitaciones a todas las familias de Malec\u00f3n Mau\u00e1!<br>\nPara el s\u00e1bado 16 de noviembre estaba previsto adem\u00e1s inaugurar la cooperativa Gardeliana Sur (ubicada en Jos\u00e9 Mar\u00eda Roo 1275 entre Quijano y Michelini) pero la fiesta tuvo que ser suspendida por mal tiempo, y se realizar\u00e1 el s\u00e1bado 7 de diciembre. <br>\nAdem\u00e1s, el pr\u00f3ximo s\u00e1bado 30 de noviembre se inaugurar\u00e1 la Cooperativa COVITV1 (La Blanqueada). Haremos llegar las invitaciones correspondientes. <\/p>\n\n\n\n<a data-flickr-embed=\"true\" href=\"https:\/\/www.flickr.com\/photos\/184911302@N07\/albums\/72157711874810547\" title=\"Inauguraci\u00f3n Cooperativa Malec\u00f3n Mau\u00e1\"><img loading=\"lazy\" decoding=\"async\" src=\"https:\/\/live.staticflickr.com\/65535\/49099712298_1113ba6459.jpg\" width=\"500\" height=\"334\" alt=\"Inauguraci\u00f3n Cooperativa Malec\u00f3n Mau\u00e1\"><\/a><script async src=\"\/\/embedr.flickr.com\/assets\/client-code.js\" charset=\"utf-8\"><\/script>\n\n\n\n<figure class=\"wp-block-embed-youtube wp-block-embed is-type-video is-provider-youtube wp-embed-aspect-16-9 wp-has-aspect-ratio\"><div class=\"wp-block-embed__wrapper\">\n<iframe loading=\"lazy\" title=\"Inaguraci\u00f3n Malec\u00f3n Mau\u00e1 corte\" width=\"850\" height=\"478\" src=\"https:\/\/www.youtube.com\/embed\/RDfzEkyQkxY?feature=oembed\" frameborder=\"0\" allow=\"accelerometer; autoplay; clipboard-write; encrypted-media; gyroscope; picture-in-picture\" allowfullscreen><\/iframe>\n<\/div><\/figure>\n","protected":false},"excerpt":{"rendered":"<p>\u201c\u00a1Qu\u00e9 cosa linda ser cooperativista! Entrar a tu hogar y saludarte con un beso, preocuparte por el de al lado, tender la mano y al que lo necesita (\u2026) lograr &#8230;<\/p>\n","protected":false},"author":1,"featured_media":3464,"comment_status":"closed","ping_status":"closed","sticky":false,"template":"","format":"standard","meta":{"footnotes":""},"categories":[2],"tags":[],"class_list":["post-3462","post","type-post","status-publish","format-standard","has-post-thumbnail","hentry","category-noticias"],"_links":{"self":[{"href":"https:\/\/fecovi.coop\/web\/wp-json\/wp\/v2\/posts\/3462","targetHints":{"allow":["GET"]}}],"collection":[{"href":"https:\/\/fecovi.coop\/web\/wp-json\/wp\/v2\/posts"}],"about":[{"href":"https:\/\/fecovi.coop\/web\/wp-json\/wp\/v2\/types\/post"}],"author":[{"embeddable":true,"href":"https:\/\/fecovi.coop\/web\/wp-json\/wp\/v2\/users\/1"}],"replies":[{"embeddable":true,"href":"https:\/\/fecovi.coop\/web\/wp-json\/wp\/v2\/comments?post=3462"}],"version-history":[{"count":2,"href":"https:\/\/fecovi.coop\/web\/wp-json\/wp\/v2\/posts\/3462\/revisions"}],"predecessor-version":[{"id":3465,"href":"https:\/\/fecovi.coop\/web\/wp-json\/wp\/v2\/posts\/3462\/revisions\/3465"}],"wp:featuredmedia":[{"embeddable":true,"href":"https:\/\/fecovi.coop\/web\/wp-json\/wp\/v2\/media\/3464"}],"wp:attachment":[{"href":"https:\/\/fecovi.coop\/web\/wp-json\/wp\/v2\/media?parent=3462"}],"wp:term":[{"taxonomy":"category","embeddable":true,"href":"https:\/\/fecovi.coop\/web\/wp-json\/wp\/v2\/categories?post=3462"},{"taxonomy":"post_tag","embeddable":true,"href":"https:\/\/fecovi.coop\/web\/wp-json\/wp\/v2\/tags?post=3462"}],"curies":[{"name":"wp","href":"https:\/\/api.w.org\/{rel}","templated":true}]}}