{"id":3446,"date":"2019-11-09T12:33:26","date_gmt":"2019-11-09T12:33:26","guid":{"rendered":"https:\/\/fecovi.coop\/web\/?p=3446"},"modified":"2019-11-18T21:36:08","modified_gmt":"2019-11-18T21:36:08","slug":"inauguramos-dos-nuevas-cooperativas","status":"publish","type":"post","link":"https:\/\/fecovi.coop\/web\/inauguramos-dos-nuevas-cooperativas\/","title":{"rendered":"\u00a1Inauguramos dos nuevas cooperativas!"},"content":{"rendered":"\n<p>Este s\u00e1bado 16 de noviembre FECOVI celebrar\u00e1 la inauguraci\u00f3n de dos nuevas cooperativas socias: Gardelina Sur y Malec\u00f3n Ma\u00faa. La fiesta en Gardeliana ser\u00e1 de 14.00 a 18.00 horas, y en Malec\u00f3n se estar\u00e1 celebrando de 18.00 a 21.00 horas.<\/p>\n\n\n\n<p><strong>GARDELIANA SUR <\/strong><br>Ubicada en Barrio Sur, junto a un conjunto de cooperativas de diferentes modalidades que impactaron positivamente -urban\u00edstica y socialmente- en la zona, Gardeliana Sur es una cooperativa de usuarios por ahorro previo que nuclea a 48 familias, El terreno fue adquirido por la cooperativa a la carteras de Tierras de la Intendencia de Montevideo en el marco del convenio entre el Gobierno de Montevideo y FECOVI. <\/p>\n\n\n\n<p><strong>Inauguraci\u00f3n: s\u00e1bado 16 de noviembre de 14.00 a 18.00 horas. Jos\u00e9 Mar\u00eda Roo 1275 entre Quijano y Michelini. <\/strong>(Apertura a cargo de autoridades 14:30 horas)<\/p>\n\n\n\n<figure class=\"wp-block-image\"><img loading=\"lazy\" decoding=\"async\" width=\"750\" height=\"561\" src=\"https:\/\/fecovi.coop\/web\/wp-content\/uploads\/2019\/11\/Invitaci\u00f3n-Inaguarci\u00f3n-Gardeliana-Sur.png\" alt=\"\" class=\"wp-image-3447\" srcset=\"https:\/\/fecovi.coop\/web\/wp-content\/uploads\/2019\/11\/Invitaci\u00f3n-Inaguarci\u00f3n-Gardeliana-Sur.png 750w, https:\/\/fecovi.coop\/web\/wp-content\/uploads\/2019\/11\/Invitaci\u00f3n-Inaguarci\u00f3n-Gardeliana-Sur-300x224.png 300w\" sizes=\"auto, (max-width: 750px) 100vw, 750px\" \/><\/figure>\n\n\n\n<p><strong>MALEC\u00d3N MA\u00daA<\/strong><br>Es una cooperativa de usuarios por ahorro previo que nuclea a 46 familias, ubicada en Convenci\u00f3n y Rambla Gran Breta\u00f1a. En la misma zona se encuentran ubicados los edificios de las cooperativas Covisur1, Covisur2, Covisur3 y Covisur 4, construidas por esta misma modalidad en la d\u00e9cada del 80, y que en conjunto nuclean a 420 familias. El terreno de Malec\u00f3n Ma\u00faa tambi\u00e9n fue adquirido a la Intendencia de Montevideo en el marco del Convenio por cartera de tierras.<\/p>\n\n\n\n<p><strong>Inauguraci\u00f3n: s\u00e1bado 16 de noviembre de 18.00 a 21.00 horas. Convenci\u00f3n 1060 <\/strong> (Apertura a cargo de autoridades 19 horas).<\/p>\n\n\n\n<p>\u00a1Los esperamos!<\/p>\n\n\n\n<p><\/p>\n","protected":false},"excerpt":{"rendered":"<p>Este s\u00e1bado 16 de noviembre FECOVI celebrar\u00e1 la inauguraci\u00f3n de dos nuevas cooperativas socias: Gardelina Sur y Malec\u00f3n Ma\u00faa. La fiesta en Gardeliana ser\u00e1 de 14.00 a 18.00 horas, y &#8230;<\/p>\n","protected":false},"author":1,"featured_media":3450,"comment_status":"closed","ping_status":"closed","sticky":false,"template":"","format":"standard","meta":{"footnotes":""},"categories":[2],"tags":[],"class_list":["post-3446","post","type-post","status-publish","format-standard","has-post-thumbnail","hentry","category-noticias"],"_links":{"self":[{"href":"https:\/\/fecovi.coop\/web\/wp-json\/wp\/v2\/posts\/3446","targetHints":{"allow":["GET"]}}],"collection":[{"href":"https:\/\/fecovi.coop\/web\/wp-json\/wp\/v2\/posts"}],"about":[{"href":"https:\/\/fecovi.coop\/web\/wp-json\/wp\/v2\/types\/post"}],"author":[{"embeddable":true,"href":"https:\/\/fecovi.coop\/web\/wp-json\/wp\/v2\/users\/1"}],"replies":[{"embeddable":true,"href":"https:\/\/fecovi.coop\/web\/wp-json\/wp\/v2\/comments?post=3446"}],"version-history":[{"count":1,"href":"https:\/\/fecovi.coop\/web\/wp-json\/wp\/v2\/posts\/3446\/revisions"}],"predecessor-version":[{"id":3448,"href":"https:\/\/fecovi.coop\/web\/wp-json\/wp\/v2\/posts\/3446\/revisions\/3448"}],"wp:featuredmedia":[{"embeddable":true,"href":"https:\/\/fecovi.coop\/web\/wp-json\/wp\/v2\/media\/3450"}],"wp:attachment":[{"href":"https:\/\/fecovi.coop\/web\/wp-json\/wp\/v2\/media?parent=3446"}],"wp:term":[{"taxonomy":"category","embeddable":true,"href":"https:\/\/fecovi.coop\/web\/wp-json\/wp\/v2\/categories?post=3446"},{"taxonomy":"post_tag","embeddable":true,"href":"https:\/\/fecovi.coop\/web\/wp-json\/wp\/v2\/tags?post=3446"}],"curies":[{"name":"wp","href":"https:\/\/api.w.org\/{rel}","templated":true}]}}