{"id":3416,"date":"2019-10-10T12:02:26","date_gmt":"2019-10-10T12:02:26","guid":{"rendered":"https:\/\/fecovi.coop\/web\/?p=3416"},"modified":"2019-10-10T21:33:13","modified_gmt":"2019-10-10T21:33:13","slug":"celebracion-35-anos-de-fecovi","status":"publish","type":"post","link":"https:\/\/fecovi.coop\/web\/celebracion-35-anos-de-fecovi\/","title":{"rendered":"FECOVI celebr\u00f3 sus 35 a\u00f1os"},"content":{"rendered":"\n<p><\/p>\n\n\n\n<p>FECOVI festej\u00f3 sus 35 a\u00f1os en una ceremonia que tuvo lugar el 2 de octubre en la sede de la Federaci\u00f3n, con la presencia de autoridades del gobierno nacional y departamental, personalidades del sector cooperativista, socios y amigos de la Federaci\u00f3n. <\/p>\n\n\n\n<p>Dio apertura a la celebraci\u00f3n la firma de un nuevo convenio de la \u201ccartera de tierras y fincas abandonadas\u201d entre la Intendencia de Montevideo y FECOVI, con el objetivo de proveer terrenos para construir a 200 familias cooperativas <\/p>\n\n\n\n<p>Seg\u00fan expres\u00f3 el Presidente de FECOVI Ricardo Pisciottano, el convenio vigente de la Federaci\u00f3n data del a\u00f1o 1998 y fue firmado en su momento por el Intendente Mariano Arana, y ratifica un trabajo sistem\u00e1tico con la IMM \u201ccon lo que estamos muy conformes\u201d. <\/p>\n\n\n\n<p>Por su parte, el Secretario de la IMM Fernando Nopitsch afirm\u00f3 que renovar este convenio de carteras de tierra significa hacer una apuesta a centrificar la ciudad: densificar mucho m\u00e1s el centro de manera que la gente acceda a los servicios. \u201cHoy estamos tratando de expropiar muchos terrenos sobre todo fincas en el centro y ciudad vieja, que han tenido o tienen deudas, y expropiamos cambiando deudas por valor de los terrenos (\u2026) La idea es darle estos espacios a cooperativas, tanto de FECOVI como FUCVAM\u201d. Y agreg\u00f3 que para el 2020 se dispondr\u00e1 de un lugar emblem\u00e1tico que es el mercado modelo actual. \u201cSe trata de siete hect\u00e1reas y media en el centro de la ciudad. Hace un a\u00f1o hicimos un concurso de ideas y se hizo una selecci\u00f3n de que gran parte sea para viviendas en un lugar de desarrollo espectacular. Con la firma de este convenio estamos reservando que  ustedes puedan pelear por tener su lugar all\u00ed\u201d, afirm\u00f3. <\/p>\n\n\n\n<p>Adem\u00e1s destac\u00f3 la importancia de la ley N\u00b013.728, ejemplo en toda Am\u00e9rica Latina, y la historia de un grupo de gente joven, visionarios, fundamentalmente nucleados en el Centro de Cooperativistas, quienes hicieron las primeras experiencias piloto en el interior del pa\u00eds, y en Montevideo con la fundaci\u00f3n de los emblem\u00e1ticos Complejos Bulevar y VICMAN, representativos del movimiento cooperativo por su desarrollo social y por lo que han significado en la historia.<\/p>\n\n\n\n<p>Desde la IMM, la Arq. Silvana Pizzano agreg\u00f3 como \u201cun plus no menor\u201d de la cartera de tierras de Montevideo la \u201cdistribuci\u00f3n participativa en una mesa\u201d. \u201cNo es una licitaci\u00f3n, no es un sorteo tampoco, es sentarnos en una mesa una vez por mes en un di\u00e1logo entre la instituci\u00f3n y las federaciones en esta construcci\u00f3n de ciudad, participativamente, y eso es una cosa para rescatar\u201d. \u201cPensamos que es muy importante y adem\u00e1s queremos incorporar en esa mesa participativa tambi\u00e9n al legislativo departamental, a un representante que nos parece que suma, que nos permite construir una ciudad m\u00e1s justa y m\u00e1s democr\u00e1tica, pero tambi\u00e9n con esta pol\u00edtica que con el cooperativismo nos permite decir que es una de las pol\u00edticas en contra de la mercantilizaci\u00f3n que nos va comiendo por varias partes y ubica a la vivienda como un derecho y no como un producto del mercado\u201d, cerr\u00f3.<\/p>\n\n\n\n<p>Desde el Ministerio de Vivienda, el Director Nacional de Vivienda Arq. Salvador Schelotto mencion\u00f3 que con este convenio que renueva el compromiso de la cartera de tierras, se recuerda c\u00f3mo en Montevideo en el a\u00f1o 1990 se empez\u00f3 a poner en pr\u00e1ctica desde el gobierno un nuevo estilo de  gesti\u00f3n, un nuevo estilo de hacer pol\u00edtica junto con los movimientos sociales y las organizaciones populares. \u201cDe alguna manera aquel decreto de cartera de tierras, los primeros convenios con FUCVAM y FECOVI siempre fueron en un marco de confianza y de interacci\u00f3n entre las organizaciones sociales (entre las cuales el movimiento cooperativo tiene un lugar muy importante) (\u2026) \u201cYa vamos para 15 a\u00f1os de un cambio en el dise\u00f1o institucional pero tambi\u00e9n en el dise\u00f1o conceptual de las pol\u00edticas de vivienda que entre otros aspectos ha permitido un avance importante cuantitativo, cualitativo, y tambi\u00e9n en su expresi\u00f3n territorial: el cooperativismo en todo el pa\u00eds, la gran punta de lanza desde el punto de vista de la incorporaci\u00f3n de much\u00edsimas personas y much\u00edsimas familias est\u00e1 expresado por las enormes cantidades de cooperativas de vivienda\u201d, expres\u00f3. Y agreg\u00f3 que si recorremos el interior, o la periferia los s\u00e1bados de ma\u00f1ana es verdaderamente una \u201ccolmena de casquitos\u201d, de gente haciendo planchada, bajando ladrillos, gente organizada trabajando en la construcci\u00f3n de sus casas. Y esto pasa en todo el pa\u00eds. \u201cSe canaliza una energ\u00eda social organizada, solidaria, autogestionaria, que es una se\u00f1al muy importante para el presente y para el futuro, y que dice que esto no es algo que se detenga, contin\u00faa\u201d. Adem\u00e1s mencion\u00f3 que en estos 15 a\u00f1os se han construido 20.000 viviendas cooperativas, 14.000 en este per\u00edodo de gobierno. \u201cEntre el 68 y el 98 llegamos a 15.000 viviendas cooperativas y ahora en 5 a\u00f1os podemos llegar casi a lo mismo\u201d, detall\u00f3. <\/p>\n\n\n\n<p>Luego de la firma del convenio, se realiz\u00f3 la presentaci\u00f3n de la publicaci\u00f3n \u201cFecovi 35 a\u00f1os\u201d, de la mano de la Presidenta de Cudecoop y ACI Am\u00e9rica, Graciela Fern\u00e1ndez, quien resalt\u00f3 la importancia de la \u201cconstrucci\u00f3n escritural de la memoria\u201d de las federaciones que conforman la Confederaci\u00f3n. \u201cNosotros creemos que estas cosas son claves. Si hoy nosotros vemos aqu\u00ed un hilo conductor que atraviesa todos los art\u00edculos de esta publicaci\u00f3n es la ley 13.728, la ley de viviendas. Si ese hilo conductor no hubiera sido comentado, escrito, adem\u00e1s de los aportes para que existiera esta ley en el famoso libro de Juan Pablo Terra, si ese libro del cooperativismo no estuviera ah\u00ed, muchos de los que estamos ac\u00e1 no hubi\u00e9ramos sabido c\u00f3mo capacitarnos en la materia\u201d, expres\u00f3. <\/p>\n\n\n\n<p>\u201cLa reconstrucci\u00f3n de esta memoria escrita realmente es fant\u00e1stico, porque responde al esfuerzo de compa\u00f1eros de FECOVI\u201d, destac\u00f3. Y realiz\u00f3 un recorrido de conceptos claves que encierran las notas escritas por representantes de todas las pol\u00edticas p\u00fablicas en materia de vivienda, que aportaron sus trabajos en la publicaci\u00f3n: palabras del Director Nacional de Vivienda, palabras del Director del Inacoop, palabras de la Ministras de Vivienda, \u201ctodos remarcando una realidad, tangible, real y palpable\u201d. <br>Adem\u00e1s destac\u00f3 el aporte de j\u00f3venes t\u00e9cnicos que conforman la capacitaci\u00f3n, educaci\u00f3n y asistencia t\u00e9cnica en FECOVI. \u201cExcelentes trabajos para desarrollar el concepto de derecho de propiedad de esa mercanc\u00eda que habl\u00e1bamos, de ese concepto que nos atraviesa a todos los uruguayos: sumar ladrillos para poder venderlos, el concepto de mercanc\u00eda est\u00e1 desarrollado por t\u00e9cnicos j\u00f3venes nuevos en las Licenciaturas de Trabajo Social que aportan todos los d\u00edas y que capacitan y educan a los cooperativistas de FECOVI. Trabajos de economistas, trabajos de aquellos que se\u00f1alan c\u00f3mo preparan a  las cooperativistas de FECOVI para la elecci\u00f3n del Instituto de Asistencia T\u00e9cnica, y con propiedad se los digo que es clave: las cooperativas deben opinar. Deben sentarse a compartir la cogesti\u00f3n, y eso es responsabilidad de todos los cooperativistas de vivienda que forman ese derecho clave y ese concepto que atraviesa tambi\u00e9n toda la obra que es el de usuarios\u201d, expres\u00f3. <\/p>\n\n\n\n<p>Por \u00faltimo hizo un repaso de los art\u00edculos que hablan de legislaci\u00f3n actual y vigente, historia de legislaci\u00f3n en materia de vivienda, la inauguraci\u00f3n del Complejo Bulevar, as\u00ed como la descripci\u00f3n de conceptos claves del aporte de FECOVI al cambio de la ciudad, e invit\u00f3 a todos a leer y disfrutar. \u201cLes va a aportar en la vida diaria, en la discusi\u00f3n de cada consejo, en la discusi\u00f3n de cada comisi\u00f3n fiscal y de cada cooperativa, y sobre todo respeten en su an\u00e1lisis el aporte de cada uno de los t\u00e9cnicos que est\u00e1 aqu\u00ed y a quienes les agradezco que se est\u00e9n inclinando al movimiento cooperativo y aporten al mismo\u201d, concluy\u00f3. <\/p>\n\n\n\n<p>Finalizada la parte oratoria de la ceremonia, se invit\u00f3 a los presentes a disfrutar del espect\u00e1culo brindado por Dino y a compartir un brindis en ocasi\u00f3n al 35 aniversario. <\/p>\n\n\n\n<a data-flickr-embed=\"true\" href=\"https:\/\/www.flickr.com\/photos\/184911302@N07\/albums\/72157711273324631\" title=\"Celebraci\u00f3n 35 a\u00f1os de FECOVI \"><img decoding=\"async\" src=\"https:\/\/live.staticflickr.com\/65535\/48875066751_bd70f5e418_z.jpg\" alt=\"Celebraci\u00f3n 35 a\u00f1os de FECOVI \" width=\"640\" height=\"100%\"><\/a><script async=\"\" src=\"\/\/embedr.flickr.com\/assets\/client-code.js\" charset=\"utf-8\"><\/script>\n","protected":false},"excerpt":{"rendered":"<p>FECOVI festej\u00f3 sus 35 a\u00f1os en una ceremonia que tuvo lugar el 2 de octubre en la sede de la Federaci\u00f3n, con la presencia de autoridades del gobierno nacional y &#8230;<\/p>\n","protected":false},"author":1,"featured_media":3418,"comment_status":"closed","ping_status":"closed","sticky":false,"template":"","format":"standard","meta":{"footnotes":""},"categories":[2],"tags":[],"class_list":["post-3416","post","type-post","status-publish","format-standard","has-post-thumbnail","hentry","category-noticias"],"_links":{"self":[{"href":"https:\/\/fecovi.coop\/web\/wp-json\/wp\/v2\/posts\/3416","targetHints":{"allow":["GET"]}}],"collection":[{"href":"https:\/\/fecovi.coop\/web\/wp-json\/wp\/v2\/posts"}],"about":[{"href":"https:\/\/fecovi.coop\/web\/wp-json\/wp\/v2\/types\/post"}],"author":[{"embeddable":true,"href":"https:\/\/fecovi.coop\/web\/wp-json\/wp\/v2\/users\/1"}],"replies":[{"embeddable":true,"href":"https:\/\/fecovi.coop\/web\/wp-json\/wp\/v2\/comments?post=3416"}],"version-history":[{"count":9,"href":"https:\/\/fecovi.coop\/web\/wp-json\/wp\/v2\/posts\/3416\/revisions"}],"predecessor-version":[{"id":3434,"href":"https:\/\/fecovi.coop\/web\/wp-json\/wp\/v2\/posts\/3416\/revisions\/3434"}],"wp:featuredmedia":[{"embeddable":true,"href":"https:\/\/fecovi.coop\/web\/wp-json\/wp\/v2\/media\/3418"}],"wp:attachment":[{"href":"https:\/\/fecovi.coop\/web\/wp-json\/wp\/v2\/media?parent=3416"}],"wp:term":[{"taxonomy":"category","embeddable":true,"href":"https:\/\/fecovi.coop\/web\/wp-json\/wp\/v2\/categories?post=3416"},{"taxonomy":"post_tag","embeddable":true,"href":"https:\/\/fecovi.coop\/web\/wp-json\/wp\/v2\/tags?post=3416"}],"curies":[{"name":"wp","href":"https:\/\/api.w.org\/{rel}","templated":true}]}}