{"id":3406,"date":"2019-09-30T19:10:04","date_gmt":"2019-09-30T19:10:04","guid":{"rendered":"https:\/\/fecovi.coop\/web\/?p=3406"},"modified":"2019-09-30T19:10:57","modified_gmt":"2019-09-30T19:10:57","slug":"cooperativa-covipedro-invitacion-para-el-5-de-octubre","status":"publish","type":"post","link":"https:\/\/fecovi.coop\/web\/cooperativa-covipedro-invitacion-para-el-5-de-octubre\/","title":{"rendered":"Cooperativa COVIPEDRO &#8211; Invitaci\u00f3n para el 5 de octubre"},"content":{"rendered":"\n<p>Los compa\u00f1eros de la Cooperativa Covipedro invitan a una jornada de integraci\u00f3n que realizar\u00e1n el 5 de octubre desde las 12.00 h en el terreno ubicado en Piedras 580 esquina Juan Carlos G\u00f3mez, con el fin de recaudar fondos para la cooperativa, y al mismo tiempo compartir una instancia con el barrio y entre los compa\u00f1eros, en la cual conocerse y compartir la experiencia de vivir en una cooperativa. Los esperamos.  <\/p>\n\n\n\n<figure class=\"wp-block-image\"><img loading=\"lazy\" decoding=\"async\" width=\"731\" height=\"1024\" src=\"https:\/\/fecovi.coop\/web\/wp-content\/uploads\/2019\/09\/WhatsApp-Image-2019-09-23-at-23.26.19-1-731x1024.jpeg\" alt=\"\" class=\"wp-image-3410\" srcset=\"https:\/\/fecovi.coop\/web\/wp-content\/uploads\/2019\/09\/WhatsApp-Image-2019-09-23-at-23.26.19-1-731x1024.jpeg 731w, https:\/\/fecovi.coop\/web\/wp-content\/uploads\/2019\/09\/WhatsApp-Image-2019-09-23-at-23.26.19-1-214x300.jpeg 214w, https:\/\/fecovi.coop\/web\/wp-content\/uploads\/2019\/09\/WhatsApp-Image-2019-09-23-at-23.26.19-1.jpeg 750w\" sizes=\"auto, (max-width: 731px) 100vw, 731px\" \/><\/figure>\n","protected":false},"excerpt":{"rendered":"<p>Los compa\u00f1eros de la Cooperativa Covipedro invitan a una jornada de integraci\u00f3n que realizar\u00e1n el 5 de octubre desde las 12.00 h en el terreno ubicado en Piedras 580 esquina &#8230;<\/p>\n","protected":false},"author":1,"featured_media":3408,"comment_status":"closed","ping_status":"closed","sticky":false,"template":"","format":"standard","meta":{"footnotes":""},"categories":[2],"tags":[],"class_list":["post-3406","post","type-post","status-publish","format-standard","has-post-thumbnail","hentry","category-noticias"],"_links":{"self":[{"href":"https:\/\/fecovi.coop\/web\/wp-json\/wp\/v2\/posts\/3406","targetHints":{"allow":["GET"]}}],"collection":[{"href":"https:\/\/fecovi.coop\/web\/wp-json\/wp\/v2\/posts"}],"about":[{"href":"https:\/\/fecovi.coop\/web\/wp-json\/wp\/v2\/types\/post"}],"author":[{"embeddable":true,"href":"https:\/\/fecovi.coop\/web\/wp-json\/wp\/v2\/users\/1"}],"replies":[{"embeddable":true,"href":"https:\/\/fecovi.coop\/web\/wp-json\/wp\/v2\/comments?post=3406"}],"version-history":[{"count":2,"href":"https:\/\/fecovi.coop\/web\/wp-json\/wp\/v2\/posts\/3406\/revisions"}],"predecessor-version":[{"id":3411,"href":"https:\/\/fecovi.coop\/web\/wp-json\/wp\/v2\/posts\/3406\/revisions\/3411"}],"wp:featuredmedia":[{"embeddable":true,"href":"https:\/\/fecovi.coop\/web\/wp-json\/wp\/v2\/media\/3408"}],"wp:attachment":[{"href":"https:\/\/fecovi.coop\/web\/wp-json\/wp\/v2\/media?parent=3406"}],"wp:term":[{"taxonomy":"category","embeddable":true,"href":"https:\/\/fecovi.coop\/web\/wp-json\/wp\/v2\/categories?post=3406"},{"taxonomy":"post_tag","embeddable":true,"href":"https:\/\/fecovi.coop\/web\/wp-json\/wp\/v2\/tags?post=3406"}],"curies":[{"name":"wp","href":"https:\/\/api.w.org\/{rel}","templated":true}]}}