{"id":3370,"date":"2019-08-30T17:30:10","date_gmt":"2019-08-30T17:30:10","guid":{"rendered":"https:\/\/fecovi.coop\/web\/?p=3370"},"modified":"2019-08-30T17:32:17","modified_gmt":"2019-08-30T17:32:17","slug":"llamado-laboral-lic-en-trabajo-social","status":"publish","type":"post","link":"https:\/\/fecovi.coop\/web\/llamado-laboral-lic-en-trabajo-social\/","title":{"rendered":"Llamado laboral: Lic. en Trabajo Social"},"content":{"rendered":"\n<p>FECOVI llama a interesados\/as a postularse para desempe\u00f1arse como Licenciada\/o en Trabajo Social en la Federaci\u00f3n. Los\/as interesado\/as  deber\u00e1n remitir CV (incluyendo t\u00edtulo escaneado) y carta de presentaci\u00f3n relatando brevemente las motivaciones que lo llevan a postular al cargo, a coordinador@fecovi.coop hasta las 24 h del d\u00eda 15 de setiembre de 2019.<\/p>\n\n\n\n<figure class=\"wp-block-image\"><img loading=\"lazy\" decoding=\"async\" width=\"720\" height=\"960\" src=\"https:\/\/fecovi.coop\/web\/wp-content\/uploads\/2019\/08\/LLAMADO-TRABAJO-SOCIAL.jpg\" alt=\"\" class=\"wp-image-3371\" srcset=\"https:\/\/fecovi.coop\/web\/wp-content\/uploads\/2019\/08\/LLAMADO-TRABAJO-SOCIAL.jpg 720w, https:\/\/fecovi.coop\/web\/wp-content\/uploads\/2019\/08\/LLAMADO-TRABAJO-SOCIAL-225x300.jpg 225w\" sizes=\"auto, (max-width: 720px) 100vw, 720px\" \/><\/figure>\n","protected":false},"excerpt":{"rendered":"<p>FECOVI llama a interesados\/as a postularse para desempe\u00f1arse como Licenciada\/o en Trabajo Social en la Federaci\u00f3n. Los\/as interesado\/as deber\u00e1n remitir CV (incluyendo t\u00edtulo escaneado) y carta de presentaci\u00f3n relatando brevemente &#8230;<\/p>\n","protected":false},"author":1,"featured_media":1175,"comment_status":"closed","ping_status":"closed","sticky":false,"template":"","format":"standard","meta":{"footnotes":""},"categories":[2],"tags":[],"class_list":["post-3370","post","type-post","status-publish","format-standard","has-post-thumbnail","hentry","category-noticias"],"_links":{"self":[{"href":"https:\/\/fecovi.coop\/web\/wp-json\/wp\/v2\/posts\/3370","targetHints":{"allow":["GET"]}}],"collection":[{"href":"https:\/\/fecovi.coop\/web\/wp-json\/wp\/v2\/posts"}],"about":[{"href":"https:\/\/fecovi.coop\/web\/wp-json\/wp\/v2\/types\/post"}],"author":[{"embeddable":true,"href":"https:\/\/fecovi.coop\/web\/wp-json\/wp\/v2\/users\/1"}],"replies":[{"embeddable":true,"href":"https:\/\/fecovi.coop\/web\/wp-json\/wp\/v2\/comments?post=3370"}],"version-history":[{"count":1,"href":"https:\/\/fecovi.coop\/web\/wp-json\/wp\/v2\/posts\/3370\/revisions"}],"predecessor-version":[{"id":3372,"href":"https:\/\/fecovi.coop\/web\/wp-json\/wp\/v2\/posts\/3370\/revisions\/3372"}],"wp:featuredmedia":[{"embeddable":true,"href":"https:\/\/fecovi.coop\/web\/wp-json\/wp\/v2\/media\/1175"}],"wp:attachment":[{"href":"https:\/\/fecovi.coop\/web\/wp-json\/wp\/v2\/media?parent=3370"}],"wp:term":[{"taxonomy":"category","embeddable":true,"href":"https:\/\/fecovi.coop\/web\/wp-json\/wp\/v2\/categories?post=3370"},{"taxonomy":"post_tag","embeddable":true,"href":"https:\/\/fecovi.coop\/web\/wp-json\/wp\/v2\/tags?post=3370"}],"curies":[{"name":"wp","href":"https:\/\/api.w.org\/{rel}","templated":true}]}}