{"id":3356,"date":"2019-08-19T19:50:44","date_gmt":"2019-08-19T19:50:44","guid":{"rendered":"https:\/\/fecovi.coop\/web\/?p=3356"},"modified":"2019-08-19T19:51:11","modified_gmt":"2019-08-19T19:51:11","slug":"coviappay-explico-proyecto-a-familias-interesadas","status":"publish","type":"post","link":"https:\/\/fecovi.coop\/web\/coviappay-explico-proyecto-a-familias-interesadas\/","title":{"rendered":"Coviappay explic\u00f3 proyecto a familias interesadas"},"content":{"rendered":"\n<p>\nCon\nla presencia del secretario de FECOVI, Alberto Esteves, integrante\ndel Consejo Directivo Alicia \u00c1lvarez y del Coordinador Ejecutivo,\nAlejandro Domostoj, Coviappay realiz\u00f3 el relanzamiento de su\nproyecto socio constructivo en el Centro Universitario de Paysand\u00fa. \n<\/p>\n\n\n\n<p>\nCon\ndicho relanzamiento, como estaba programado, se inform\u00f3 al p\u00fablico\nasistente de las caracter\u00edsticas del proyecto, con implante en el\npredio de la Ex textil Paylana, condiciones para acceder a algunos\ncupos libres y se expres\u00f3 el fuerte respaldo y apoyo de FECOVI a la\niniciativa. Conviene recordar que Coviappay, con menos de dos a\u00f1os\nde existencia, tras acuerdo del MVOTMA, la Intendencia de Paysand\u00fa\n-fact\u00f3tum del proyecto integral que se desplegar\u00e1 en dicho predio-\ny las Federaciones acceder\u00e1 al cr\u00e9dito en forma directa: otro\naliciente para los convocados. \n<\/p>\n\n\n\n<p>\nEn\nla apertura del evento, con participaci\u00f3n de familias interesadas,\nAlberto Esteves se\u00f1al\u00f3 el rol gremial que cumple FECOVI, su\ndesarrollo y que <em>\u201cimporta\nmucho el interior\u201d.<\/em>\nPor su parte, Marcelo Pagani, -presidente de la cooperativa- tras\nhacer un breve repaso de la marcha de la cooperativa rese\u00f1\u00f3 el\ntrabajo que realizan en articulaci\u00f3n con el IAT, exponiendo los\nrequisitos para acceder al proyecto que se erigir\u00e1 en 5 pisos y las\ninnegables ventajas que presenta. Se estima que la obra comenzar\u00eda\nsobre fin de a\u00f1o. El cierre de la presentaci\u00f3n estuvo a cargo de\nAlberto Zinno, arquitecto del IAT-CTP, quien, apoy\u00e1ndose en im\u00e1genes\ndel futuro edificio cooperativo, coment\u00f3 la impronta que tendr\u00e1 la\nconstrucci\u00f3n y su ensamble con el proyecto general que incluye otras\nsiete cooperativas. En el lugar, en pocos a\u00f1os, pasar\u00e1n a vivir m\u00e1s\nde 2 mil personas en un sitio central y consolidado de la ciudad.  \n<\/p>\n\n\n\n<p>\nTras\nla presentaci\u00f3n, acompa\u00f1ada por integrantes de distintas comisiones\nde la cooperativa, se abri\u00f3 el consiguiente espacio para responder\nconsultas; que fueron varias y respondidas, en forma  clara y\nconcisa, tanto por la propia cooperativa, integrantes del IAT y de\nFederaci\u00f3n.<\/p>\n\n\n\n<p>\nLos\nplazos urgen, a los efectos de completar padr\u00f3n: el 9 de octubre la\ncooperativa est\u00e1 presentando proyecto ejecutivo a la ANV en sucursal\nPaysand\u00fa. Al cierre, varias familias interesadas dejaron sus datos\nprimarios para incorporarse.<\/p>\n\n\n\n<p> La actividad, efectuada el 15 de agosto,  se gener\u00f3 tras las dificultades existentes en relaci\u00f3n a completar un padr\u00f3n de 34 familias, habiendo ensayados otras alternativas. La misma involucr\u00f3 el trabajo de la propia cooperativa, asesores y el apoyo de los medios de informaci\u00f3n locales.   <\/p>\n\n\n\n<figure class=\"wp-block-image\"><img loading=\"lazy\" decoding=\"async\" width=\"1024\" height=\"576\" src=\"https:\/\/fecovi.coop\/web\/wp-content\/uploads\/2019\/08\/IMG-20190816-WA0004-1024x576.jpg\" alt=\"\" class=\"wp-image-3357\" srcset=\"https:\/\/fecovi.coop\/web\/wp-content\/uploads\/2019\/08\/IMG-20190816-WA0004-1024x576.jpg 1024w, https:\/\/fecovi.coop\/web\/wp-content\/uploads\/2019\/08\/IMG-20190816-WA0004-300x169.jpg 300w, https:\/\/fecovi.coop\/web\/wp-content\/uploads\/2019\/08\/IMG-20190816-WA0004-768x432.jpg 768w, https:\/\/fecovi.coop\/web\/wp-content\/uploads\/2019\/08\/IMG-20190816-WA0004.jpg 1600w\" sizes=\"auto, (max-width: 1024px) 100vw, 1024px\" \/><\/figure>\n\n\n\n<figure class=\"wp-block-image\"><img loading=\"lazy\" decoding=\"async\" width=\"1024\" height=\"575\" src=\"https:\/\/fecovi.coop\/web\/wp-content\/uploads\/2019\/08\/IMG-20190816-WA0005-1024x575.jpg\" alt=\"\" class=\"wp-image-3358\" srcset=\"https:\/\/fecovi.coop\/web\/wp-content\/uploads\/2019\/08\/IMG-20190816-WA0005-1024x575.jpg 1024w, https:\/\/fecovi.coop\/web\/wp-content\/uploads\/2019\/08\/IMG-20190816-WA0005-300x169.jpg 300w, https:\/\/fecovi.coop\/web\/wp-content\/uploads\/2019\/08\/IMG-20190816-WA0005-768x431.jpg 768w, https:\/\/fecovi.coop\/web\/wp-content\/uploads\/2019\/08\/IMG-20190816-WA0005.jpg 1296w\" sizes=\"auto, (max-width: 1024px) 100vw, 1024px\" \/><\/figure>\n","protected":false},"excerpt":{"rendered":"<p>Con la presencia del secretario de FECOVI, Alberto Esteves, integrante del Consejo Directivo Alicia \u00c1lvarez y del Coordinador Ejecutivo, Alejandro Domostoj, Coviappay realiz\u00f3 el relanzamiento de su proyecto socio constructivo &#8230;<\/p>\n","protected":false},"author":1,"featured_media":3360,"comment_status":"closed","ping_status":"closed","sticky":false,"template":"","format":"standard","meta":{"footnotes":""},"categories":[2],"tags":[],"class_list":["post-3356","post","type-post","status-publish","format-standard","has-post-thumbnail","hentry","category-noticias"],"_links":{"self":[{"href":"https:\/\/fecovi.coop\/web\/wp-json\/wp\/v2\/posts\/3356","targetHints":{"allow":["GET"]}}],"collection":[{"href":"https:\/\/fecovi.coop\/web\/wp-json\/wp\/v2\/posts"}],"about":[{"href":"https:\/\/fecovi.coop\/web\/wp-json\/wp\/v2\/types\/post"}],"author":[{"embeddable":true,"href":"https:\/\/fecovi.coop\/web\/wp-json\/wp\/v2\/users\/1"}],"replies":[{"embeddable":true,"href":"https:\/\/fecovi.coop\/web\/wp-json\/wp\/v2\/comments?post=3356"}],"version-history":[{"count":1,"href":"https:\/\/fecovi.coop\/web\/wp-json\/wp\/v2\/posts\/3356\/revisions"}],"predecessor-version":[{"id":3361,"href":"https:\/\/fecovi.coop\/web\/wp-json\/wp\/v2\/posts\/3356\/revisions\/3361"}],"wp:featuredmedia":[{"embeddable":true,"href":"https:\/\/fecovi.coop\/web\/wp-json\/wp\/v2\/media\/3360"}],"wp:attachment":[{"href":"https:\/\/fecovi.coop\/web\/wp-json\/wp\/v2\/media?parent=3356"}],"wp:term":[{"taxonomy":"category","embeddable":true,"href":"https:\/\/fecovi.coop\/web\/wp-json\/wp\/v2\/categories?post=3356"},{"taxonomy":"post_tag","embeddable":true,"href":"https:\/\/fecovi.coop\/web\/wp-json\/wp\/v2\/tags?post=3356"}],"curies":[{"name":"wp","href":"https:\/\/api.w.org\/{rel}","templated":true}]}}