{"id":3339,"date":"2019-08-05T19:44:45","date_gmt":"2019-08-05T19:44:45","guid":{"rendered":"https:\/\/fecovi.coop\/web\/?p=3339"},"modified":"2019-08-05T19:45:08","modified_gmt":"2019-08-05T19:45:08","slug":"invitacion-exhibicion-de-la-pelicula-brasilena-suelo","status":"publish","type":"post","link":"https:\/\/fecovi.coop\/web\/invitacion-exhibicion-de-la-pelicula-brasilena-suelo\/","title":{"rendered":"Invitaci\u00f3n &#8211; Exhibici\u00f3n de la pel\u00edcula brasile\u00f1a \u00abSuelo\u00bb"},"content":{"rendered":"\n<p>Desde \u00abLa Semana del Documental\u00bb, espacio de exhibiciones del DocMontevideo, que este a\u00f1o se celebra entre el 2 y el 8 de agosto y propone una veintena de pel\u00edculas, compartimos&nbsp; la invitaci\u00f3n a la exhibici\u00f3n de la pel\u00edcula&nbsp;<strong>\u00abSuelo\u00bb<\/strong>,un filme brasile\u00f1o que retrata la lucha de un grupo del Movimiento de Trabajadores Sin Tierra.<\/p>\n\n\n\n<p>La funci\u00f3n ser\u00e1 este&nbsp;<strong>mi\u00e9rcoles 7 de agosto&nbsp;<\/strong>a las&nbsp;<strong>20.45 h&nbsp;<\/strong>en la Sala Zitarrosa y tiene un costo de $150.<\/p>\n\n\n\n<p>Desde la organizaci\u00f3n ofrecen cupos gratis para grupos de nuestra Federaci\u00f3n.<\/p>\n\n\n\n<p>Solicitamos a los interesados en concurrir, nos confirmen con antelaci\u00f3n, para poder conformar el grupo y confirmar su asistencia gratuita; de lo contrario se podr\u00e1 concurrir directamente a la boleter\u00eda el d\u00eda de la funci\u00f3n, y abonar $150.\u00a0 <\/p>\n\n\n\n<p>\u00abSUELO\u00bb de Camila Freitas\/ Brasil\/ 2019\/ 110\u2019<\/p>\n\n\n\n<p>Mi\u00e9rcoles 7 de agosto \/ 20.45 h \/ Sala Zitarrosa (Av. 18 de julio 1012)<\/p>\n\n\n\n<p>150$ tickAntel o boleter\u00eda de la sala<\/p>\n\n\n\n<p>La directora estar\u00e1 presente en la exhibici\u00f3n para compartir un di\u00e1logo posterior a la exhibici\u00f3n.<\/p>\n\n\n\n<p>Desde 2015, el Movimiento de Trabajadores Sin Tierra ha estado ocupando las tierras de una f\u00e1brica de ca\u00f1a de az\u00facar endeudada para presionar por su redistribuci\u00f3n a trav\u00e9s de la reforma agraria. Abuela y sus compa\u00f1eros acampados luchan por conquistar una peque\u00f1a parte de la tierra donde pueden establecerse y vivir una vida autosustentable, cultivando cultivos agroecol\u00f3gicos en una comunidad campesina reci\u00e9n tejida que dibujan en sus sue\u00f1os.<\/p>\n\n\n\n<p>Trailer:&nbsp;<a href=\"https:\/\/www.youtube.com\/watch?v=WSvdjWuZ4hA\" target=\"_blank\" rel=\"noreferrer noopener\">https:\/\/www.youtube.com\/watch?v=WSvdjWuZ4hA<\/a><\/p>\n","protected":false},"excerpt":{"rendered":"<p>Desde \u00abLa Semana del Documental\u00bb, espacio de exhibiciones del DocMontevideo, que este a\u00f1o se celebra entre el 2 y el 8 de agosto y propone una veintena de pel\u00edculas, compartimos&nbsp; &#8230;<\/p>\n","protected":false},"author":1,"featured_media":3341,"comment_status":"closed","ping_status":"closed","sticky":false,"template":"","format":"standard","meta":{"footnotes":""},"categories":[2],"tags":[],"class_list":["post-3339","post","type-post","status-publish","format-standard","has-post-thumbnail","hentry","category-noticias"],"_links":{"self":[{"href":"https:\/\/fecovi.coop\/web\/wp-json\/wp\/v2\/posts\/3339","targetHints":{"allow":["GET"]}}],"collection":[{"href":"https:\/\/fecovi.coop\/web\/wp-json\/wp\/v2\/posts"}],"about":[{"href":"https:\/\/fecovi.coop\/web\/wp-json\/wp\/v2\/types\/post"}],"author":[{"embeddable":true,"href":"https:\/\/fecovi.coop\/web\/wp-json\/wp\/v2\/users\/1"}],"replies":[{"embeddable":true,"href":"https:\/\/fecovi.coop\/web\/wp-json\/wp\/v2\/comments?post=3339"}],"version-history":[{"count":1,"href":"https:\/\/fecovi.coop\/web\/wp-json\/wp\/v2\/posts\/3339\/revisions"}],"predecessor-version":[{"id":3342,"href":"https:\/\/fecovi.coop\/web\/wp-json\/wp\/v2\/posts\/3339\/revisions\/3342"}],"wp:featuredmedia":[{"embeddable":true,"href":"https:\/\/fecovi.coop\/web\/wp-json\/wp\/v2\/media\/3341"}],"wp:attachment":[{"href":"https:\/\/fecovi.coop\/web\/wp-json\/wp\/v2\/media?parent=3339"}],"wp:term":[{"taxonomy":"category","embeddable":true,"href":"https:\/\/fecovi.coop\/web\/wp-json\/wp\/v2\/categories?post=3339"},{"taxonomy":"post_tag","embeddable":true,"href":"https:\/\/fecovi.coop\/web\/wp-json\/wp\/v2\/tags?post=3339"}],"curies":[{"name":"wp","href":"https:\/\/api.w.org\/{rel}","templated":true}]}}