{"id":3251,"date":"2019-05-28T20:44:58","date_gmt":"2019-05-28T20:44:58","guid":{"rendered":"https:\/\/fecovi.coop\/web\/?p=3251"},"modified":"2019-06-18T19:38:17","modified_gmt":"2019-06-18T19:38:17","slug":"sesiono-la-asambla-general-ordinaria","status":"publish","type":"post","link":"https:\/\/fecovi.coop\/web\/sesiono-la-asambla-general-ordinaria\/","title":{"rendered":"Sesion\u00f3 la Asambla General Ordinaria"},"content":{"rendered":"\n<p>Con un intervalo de 30 d\u00edas, sesion\u00f3 en 2 instancias la Asamblea General Ordinaria en la sede de FECOVI, con la participaci\u00f3n de representantes de 29 cooperativas en la primera oportunidad -que tuvo lugar el 9 de mayo-, y de 21 cooperativas en la segunda, realizada el 3 de junio.<\/p>\n\n\n\n<p>Durante el desarrollo de la primera sesi\u00f3n, la Contadora de la Federaci\u00f3n Carla Azzarini present\u00f3 el Balance correspondiente al per\u00edodo julio 2017 a junio 2018. Luego de expuestos los resultados y respondidas algunas interrogantes se procedi\u00f3 a la lectura del informe de Comisi\u00f3n Fiscal. Una vez finalizado ambos informes se realiz\u00f3 la votaci\u00f3n del mismo resultando aprobado el Balance correspondiente al per\u00edodo julio 2017 a junio 2018.<\/p>\n\n\n\n<p>Continuando con el orden del d\u00eda, se procedi\u00f3 a la aprobaci\u00f3n de la Memoria anual correspondiente al per\u00edodo mencionado.<\/p>\n\n\n\n<p>Posteriormente, el Presidente del Consejo Directivo de la Federaci\u00f3n Ricardo Pisciottano, hizo referencia a los nuevos Estatutos de FECOVI, en particular al art\u00edculo 28 que prev\u00e9 la distribuci\u00f3n de excedentes y sus destinos. En este sentido, fueron presentadas algunas alternativas, frente a las cuales varios asamble\u00edstas expresaron no estar en condiciones de aprobar ninguna propuesta sin consultar previamente con la cooperativa a la cual representa, por lo que fue solicitado pasar a un cuarto intermedio la Asamblea.<\/p>\n\n\n\n<p>En este sentido, el lunes 3 de junio se sesion\u00f3 en una segunda oportunidad&nbsp;con la finalidad de decidir respecto de las propuestas del Consejo Directivo sobre la inversi\u00f3n de excedentes as\u00ed como la designaci\u00f3n de tres asamble\u00edstas para la firma del acta.<\/p>\n\n\n\n<p>En la oportunidad, el Presidente del Consejo Directivo Ricardo Pisciottano record\u00f3 las dos propuestas presentadas por el Consejo, en relaci\u00f3n a la creaci\u00f3n de un fondo para tierras por un lado, y por otro a la eventual ampliaci\u00f3n de la sede de la Federaci\u00f3n.&nbsp;<\/p>\n\n\n\n<p>Respecto del fondo para tierras indic\u00f3 que, de aprobarse, se trata de un proceso que llevar\u00e1 tiempo puesto que es necesario realizar un estudio en profundidad de las diferentes alternativas.<\/p>\n\n\n\n<p>Varios asamble\u00edstas plantearon necesidades que entienden tiene la Federaci\u00f3n y las posibles inversiones que se deber\u00edan realizar con el dinero con el que se cuenta, como ser el problema de acceso a la tierra y la posibilidad de invertir en apoyo al FRECOOP, vot\u00e1ndose finalmente destinar el 100% de los fondos a ambas propuestas definidas por el Consejo Directivo.<\/p>\n\n\n\n<p>Seguidamente se solicit\u00f3 la designaci\u00f3n de tres asamble\u00edstas para la firma de la presente acta, design\u00e1ndose al Sebasti\u00e1n Betervide (Cooperativa Sue\u00f1os del Sur),&nbsp;&nbsp; V\u00edctor Rodr\u00edguez (Cooperativa Jacarand\u00e1), y Andr\u00e9s Olivera (Cooperativa AFAF 3).<br><\/p>\n\n\n\n<a data-flickr-embed=\"true\" href=\"https:\/\/www.flickr.com\/photos\/157869824@N05\/albums\/72157708417155955\" title=\"Asamblea_Ordinaria_9.05.19\"><img loading=\"lazy\" decoding=\"async\" src=\"https:\/\/live.staticflickr.com\/65535\/46926781415_b857e812d4.jpg\" width=\"500\" height=\"333\" alt=\"Asamblea_Ordinaria_9.05.19\"><\/a><script async=\"\" src=\"\/\/embedr.flickr.com\/assets\/client-code.js\" charset=\"utf-8\"><\/script>\n\n\n\n<p><br><\/p>\n","protected":false},"excerpt":{"rendered":"<p>Con un intervalo de 30 d\u00edas, sesion\u00f3 en 2 instancias la Asamblea General Ordinaria en la sede de FECOVI, con la participaci\u00f3n de representantes de 29 cooperativas en la primera &#8230;<\/p>\n","protected":false},"author":1,"featured_media":3255,"comment_status":"closed","ping_status":"closed","sticky":false,"template":"","format":"standard","meta":{"footnotes":""},"categories":[2],"tags":[],"class_list":["post-3251","post","type-post","status-publish","format-standard","has-post-thumbnail","hentry","category-noticias"],"_links":{"self":[{"href":"https:\/\/fecovi.coop\/web\/wp-json\/wp\/v2\/posts\/3251","targetHints":{"allow":["GET"]}}],"collection":[{"href":"https:\/\/fecovi.coop\/web\/wp-json\/wp\/v2\/posts"}],"about":[{"href":"https:\/\/fecovi.coop\/web\/wp-json\/wp\/v2\/types\/post"}],"author":[{"embeddable":true,"href":"https:\/\/fecovi.coop\/web\/wp-json\/wp\/v2\/users\/1"}],"replies":[{"embeddable":true,"href":"https:\/\/fecovi.coop\/web\/wp-json\/wp\/v2\/comments?post=3251"}],"version-history":[{"count":6,"href":"https:\/\/fecovi.coop\/web\/wp-json\/wp\/v2\/posts\/3251\/revisions"}],"predecessor-version":[{"id":3288,"href":"https:\/\/fecovi.coop\/web\/wp-json\/wp\/v2\/posts\/3251\/revisions\/3288"}],"wp:featuredmedia":[{"embeddable":true,"href":"https:\/\/fecovi.coop\/web\/wp-json\/wp\/v2\/media\/3255"}],"wp:attachment":[{"href":"https:\/\/fecovi.coop\/web\/wp-json\/wp\/v2\/media?parent=3251"}],"wp:term":[{"taxonomy":"category","embeddable":true,"href":"https:\/\/fecovi.coop\/web\/wp-json\/wp\/v2\/categories?post=3251"},{"taxonomy":"post_tag","embeddable":true,"href":"https:\/\/fecovi.coop\/web\/wp-json\/wp\/v2\/tags?post=3251"}],"curies":[{"name":"wp","href":"https:\/\/api.w.org\/{rel}","templated":true}]}}