{"id":3242,"date":"2019-05-03T20:32:03","date_gmt":"2019-05-03T20:32:03","guid":{"rendered":"https:\/\/fecovi.coop\/web\/?p=3242"},"modified":"2019-05-03T20:32:04","modified_gmt":"2019-05-03T20:32:04","slug":"lanzamiento-de-la-3a-edicion-del-premio-nacional-de-urbanismo-pnu-2019","status":"publish","type":"post","link":"https:\/\/fecovi.coop\/web\/lanzamiento-de-la-3a-edicion-del-premio-nacional-de-urbanismo-pnu-2019\/","title":{"rendered":"Lanzamiento de la 3\u00aa Edici\u00f3n del Premio Nacional de Urbanismo (PNU 2019)"},"content":{"rendered":"\n<p>El Mvotma invita a participar de una nueva edici\u00f3n del Premio Nacional de Urbanismo. El Premio tiene como prop\u00f3sito reconocer y poner en valor la producci\u00f3n nacional en materia de urbanismo, planificaci\u00f3n y ordenamiento del territorio y actividades vinculadas.<\/p>\n\n\n\n<p>El objetivo es promover una mirada integral y multidisciplinaria del hecho urbano, que priorice y profundice la construcci\u00f3n de ciudades y territorios m\u00e1s, inclusivos, integrados y sostenibles a trav\u00e9s de la planificaci\u00f3n. Destacar los aportes que desde diferentes \u00e1mbitos se realizan y que impactan positivamente en la calidad de vida de las personas y las comunidades.<\/p>\n\n\n\n<p>La convocatoria est\u00e1 dirigida a instituciones, organizaciones, colectivos, profesionales, estudiantes y otras personas que con sus ideas, proyectos y\/o acciones ayudan a mejorar el lugar donde vivimos.<\/p>\n\n\n\n<p>En esta edici\u00f3n se incorporan una nueva categor\u00eda: Eventos urbanos. Esta premiar\u00e1 los proyectos orientados a la generaci\u00f3n y gesti\u00f3n de acciones, intervenciones y eventos en espacios p\u00fablicos o privados que promuevan el encuentro y la integraci\u00f3n social, el desarrollo cultural, patrimonial y educativo para una convivencia saludable. Se trata de acciones concretas, que pueden ser puntuales o itinerantes y que buscan generar nuevas forma de habitar la ciudad.<\/p>\n\n\n\n<p>Dicha categor\u00eda, se suma a las de Instrumentos de Ordenamiento Territorial; Proyectos Urbanos; Tesis de Posgrado e Investigaciones; Trabajos de Estudiantes subcategor\u00edas: monograf\u00edas y tesis de grado y propuestas y proyectos; Comunicaci\u00f3n Social y Premio a la Trayectoria.<\/p>\n\n\n\n<p>La recepci\u00f3n de los trabajos se realizar\u00e1 v\u00eda Internet hasta el 30 de mayo.<\/p>\n\n\n\n<p><a href=\"http:\/\/www.mvotma.gub.uy\/novedades\/noticias\/item\/10012332-lanzamiento-de-la-3-edicion-del-premio-nacional-de-urbanismo-pnu-2019\" target=\"_blank\" rel=\"noreferrer noopener\" aria-label=\"Ampliar informaci\u00f3n (abre en una nueva pesta\u00f1a)\">Ampliar informaci\u00f3n<\/a><\/p>\n","protected":false},"excerpt":{"rendered":"<p>El Mvotma invita a participar de una nueva edici\u00f3n del Premio Nacional de Urbanismo. El Premio tiene como prop\u00f3sito reconocer y poner en valor la producci\u00f3n nacional en materia de &#8230;<\/p>\n","protected":false},"author":1,"featured_media":3243,"comment_status":"closed","ping_status":"closed","sticky":false,"template":"","format":"standard","meta":{"footnotes":""},"categories":[2],"tags":[],"class_list":["post-3242","post","type-post","status-publish","format-standard","has-post-thumbnail","hentry","category-noticias"],"_links":{"self":[{"href":"https:\/\/fecovi.coop\/web\/wp-json\/wp\/v2\/posts\/3242","targetHints":{"allow":["GET"]}}],"collection":[{"href":"https:\/\/fecovi.coop\/web\/wp-json\/wp\/v2\/posts"}],"about":[{"href":"https:\/\/fecovi.coop\/web\/wp-json\/wp\/v2\/types\/post"}],"author":[{"embeddable":true,"href":"https:\/\/fecovi.coop\/web\/wp-json\/wp\/v2\/users\/1"}],"replies":[{"embeddable":true,"href":"https:\/\/fecovi.coop\/web\/wp-json\/wp\/v2\/comments?post=3242"}],"version-history":[{"count":1,"href":"https:\/\/fecovi.coop\/web\/wp-json\/wp\/v2\/posts\/3242\/revisions"}],"predecessor-version":[{"id":3244,"href":"https:\/\/fecovi.coop\/web\/wp-json\/wp\/v2\/posts\/3242\/revisions\/3244"}],"wp:featuredmedia":[{"embeddable":true,"href":"https:\/\/fecovi.coop\/web\/wp-json\/wp\/v2\/media\/3243"}],"wp:attachment":[{"href":"https:\/\/fecovi.coop\/web\/wp-json\/wp\/v2\/media?parent=3242"}],"wp:term":[{"taxonomy":"category","embeddable":true,"href":"https:\/\/fecovi.coop\/web\/wp-json\/wp\/v2\/categories?post=3242"},{"taxonomy":"post_tag","embeddable":true,"href":"https:\/\/fecovi.coop\/web\/wp-json\/wp\/v2\/tags?post=3242"}],"curies":[{"name":"wp","href":"https:\/\/api.w.org\/{rel}","templated":true}]}}