{"id":3225,"date":"2019-04-11T19:52:09","date_gmt":"2019-04-11T19:52:09","guid":{"rendered":"https:\/\/fecovi.coop\/web\/?p=3225"},"modified":"2019-04-11T19:52:11","modified_gmt":"2019-04-11T19:52:11","slug":"extendemos-invitacion-al-diplomado-iberoamericano-diseno-participativo-sustentable-del-habitat","status":"publish","type":"post","link":"https:\/\/fecovi.coop\/web\/extendemos-invitacion-al-diplomado-iberoamericano-diseno-participativo-sustentable-del-habitat\/","title":{"rendered":"Extendemos invitaci\u00f3n al Diplomado Iberoamericano Dise\u00f1o Participativo sustentable del H\u00e1bitat"},"content":{"rendered":"\n<p>La Facultad de Arquitectura de la Universidad Nacional  Aut\u00f3noma de M\u00e9xico a trav\u00e9s de su Divisi\u00f3n de Educaci\u00f3n Continua y Actualizaci\u00f3n Docente,  la Coordinaci\u00f3n de Educaci\u00f3n a Distancia y Nuevos Medios, la L\u00ednea de Investigaci\u00f3n ADCP en colaboraci\u00f3n con la Coalici\u00f3n Internacional para el H\u00e1bitat, Oficina para Am\u00e9rica Latina (HIC-AL) invitan al Diplomado Iberoamericano Dise\u00f1o Participativo  sustentable del Habitat como herramienta de la producci\u00f3n y gesti\u00f3n social del habitat y para el ejercicio de los derechos (Modalidad: en l\u00ednea), que se realizar\u00e1 <strong>del 6 de mayo al 9 de diciembre<\/strong>, siendo la semana de <strong>introducci\u00f3n a las Aulas Virtuales del 29 de abril al 3 de mayo.<\/strong><\/p>\n\n\n\n<p><strong>DURACI\u00d3N:<\/strong> del 29 de abril al 9 de diciembre de 2019 \/\/ 121 horas<br><strong>SESIONES EN L\u00cdNEA:<\/strong> lunes a s\u00e1bado<br><strong>Estructura del diplomado:<\/strong><br>Conformado por 3 m\u00f3dulos de 40 hora cada uno.<br>Cada m\u00f3dulo durar\u00e1 3 semanas de clases y una semana de trabajo pr\u00e1ctico final.<br><strong>Cada semana tendr\u00e1:<\/strong><br>8 CLASES PRE GRABADAS DE 45 minutos<br>UNA CLASE MAGISTRAL: Lunes de 18:00 a 19:30 horas. (Horario de la Ciudad de M\u00e9xico)<br> Y UN FORO INTERACTIVO: S\u00e1bados de 17:00 a 19:00 horas (Horario de la Ciudad de M\u00e9xico)<br><strong>COORDINACI\u00d3N GENERAL:<\/strong><br> M. en D.U.  Arq. Mariana Enet (Argentina HIC-UNC &#8211; TALLER 36)<br> Maestra Mar\u00eda Silvia Emanuelli (HIC-AL)<\/p>\n\n\n\n<p><strong>COORDINACI\u00d3N ACAD\u00c9MICA:<\/strong><br> M. en Arq. Gustavo Romero (M\u00c9XICO HIC-UNAM)<br> M. en D.U.  Arq. Mariana Enet (Argentina HIC-UNC &#8211; TALLER 36) <br>El diplomado le brindar\u00e1 recursos para investigar y desarrollar participativamente proyectos complejos de h\u00e1bitat desde: \n\n<\/p>\n\n\n\n<ul class=\"wp-block-list\"><li> Programas de Mejoramiento de Barrios y\/o \u00e1reas precarias; Programas de mejoramiento habitacional; <\/li><li>Programas de vivienda que impliquen desafi\u0301os para incorporar diversidad e\u0301tnica y\/o de ge\u0301nero; <\/li><li>Proyectos que promueven innovaciones eco tecnolo\u0301gicas y sustentables en contextos diversos; <\/li><li>Proyectos para desarrollar una gestio\u0301n integral y autogestionaria del riesgo; Proyectos que se integran a procesos de Produccio\u0301n y Gestio\u0301n Social del Ha\u0301bitat que buscan incidir en el cumplimiento de derechos, etc. <\/li><li>En si\u0301ntesis, diversidad de proyectos que trascienden la mera interpretacio\u0301n individual por una construccio\u0301n colectiva, compleja y diversa de innovaciones en la produccio\u0301n de espacios arquitecto\u0301nicos para el habitar humano.<\/li><\/ul>\n\n\n\n<p>Por m\u00e1s informaci\u00f3n:  <br><a href=\"https:\/\/arquitectura.unam.mx\/1d-d-participativo-2019.html\">https:\/\/arquitectura.unam.mx\/1d-d-participativo-2019.html<\/a> <\/p>\n\n\n\n<p><strong>Informes e inscripciones:<\/strong> Divisi\u00f3n de Educaci\u00f3n Continua y Actualizaci\u00f3n Docente de la Facultad de Arquitectura Unidad Multidisciplinaria  Dr. Jes\u00fas Aguirre C\u00e1rdenas, antes Anexo de Arquitectura 1er. nivel,  junto a Torre II de Humanidades.  Ciudad Universitaria. Tel\u00e9fonos: 5622 0711 y 5622 0703 http:\/\/arquitectura.unam.mx  \/\/ econtinua.fa@unam.mx<\/p>\n\n\n\n<figure class=\"wp-block-image\"><img loading=\"lazy\" decoding=\"async\" width=\"709\" height=\"875\" src=\"https:\/\/fecovi.coop\/web\/wp-content\/uploads\/2019\/04\/image001-3-1.png\" alt=\"\" class=\"wp-image-3229\" srcset=\"https:\/\/fecovi.coop\/web\/wp-content\/uploads\/2019\/04\/image001-3-1.png 709w, https:\/\/fecovi.coop\/web\/wp-content\/uploads\/2019\/04\/image001-3-1-243x300.png 243w\" sizes=\"auto, (max-width: 709px) 100vw, 709px\" \/><\/figure>\n","protected":false},"excerpt":{"rendered":"<p>La Facultad de Arquitectura de la Universidad Nacional Aut\u00f3noma de M\u00e9xico a trav\u00e9s de su Divisi\u00f3n de Educaci\u00f3n Continua y Actualizaci\u00f3n Docente, la Coordinaci\u00f3n de Educaci\u00f3n a Distancia y Nuevos &#8230;<\/p>\n","protected":false},"author":1,"featured_media":3224,"comment_status":"closed","ping_status":"closed","sticky":false,"template":"","format":"standard","meta":{"footnotes":""},"categories":[2],"tags":[],"class_list":["post-3225","post","type-post","status-publish","format-standard","has-post-thumbnail","hentry","category-noticias"],"_links":{"self":[{"href":"https:\/\/fecovi.coop\/web\/wp-json\/wp\/v2\/posts\/3225","targetHints":{"allow":["GET"]}}],"collection":[{"href":"https:\/\/fecovi.coop\/web\/wp-json\/wp\/v2\/posts"}],"about":[{"href":"https:\/\/fecovi.coop\/web\/wp-json\/wp\/v2\/types\/post"}],"author":[{"embeddable":true,"href":"https:\/\/fecovi.coop\/web\/wp-json\/wp\/v2\/users\/1"}],"replies":[{"embeddable":true,"href":"https:\/\/fecovi.coop\/web\/wp-json\/wp\/v2\/comments?post=3225"}],"version-history":[{"count":4,"href":"https:\/\/fecovi.coop\/web\/wp-json\/wp\/v2\/posts\/3225\/revisions"}],"predecessor-version":[{"id":3230,"href":"https:\/\/fecovi.coop\/web\/wp-json\/wp\/v2\/posts\/3225\/revisions\/3230"}],"wp:featuredmedia":[{"embeddable":true,"href":"https:\/\/fecovi.coop\/web\/wp-json\/wp\/v2\/media\/3224"}],"wp:attachment":[{"href":"https:\/\/fecovi.coop\/web\/wp-json\/wp\/v2\/media?parent=3225"}],"wp:term":[{"taxonomy":"category","embeddable":true,"href":"https:\/\/fecovi.coop\/web\/wp-json\/wp\/v2\/categories?post=3225"},{"taxonomy":"post_tag","embeddable":true,"href":"https:\/\/fecovi.coop\/web\/wp-json\/wp\/v2\/tags?post=3225"}],"curies":[{"name":"wp","href":"https:\/\/api.w.org\/{rel}","templated":true}]}}