{"id":3211,"date":"2019-04-08T20:07:39","date_gmt":"2019-04-08T20:07:39","guid":{"rendered":"https:\/\/fecovi.coop\/web\/?p=3211"},"modified":"2019-04-08T20:20:44","modified_gmt":"2019-04-08T20:20:44","slug":"coviappay-presento-anteproyecto","status":"publish","type":"post","link":"https:\/\/fecovi.coop\/web\/coviappay-presento-anteproyecto\/","title":{"rendered":"Coviappay present\u00f3 anteproyecto"},"content":{"rendered":"\n<p>El pasado\nmi\u00e9rcoles 3 de abril, Coviappay (Cooperativa de vivienda ahorro previo\nPaysand\u00fa) dio un paso m\u00e1s en su camino a la escrituraci\u00f3n del pr\u00e9stamo al\npresentar su anteproyecto de 34 viviendas ante la Agencia Nacional de Vivienda\n(ANV), sucursal Paysand\u00fa. Fue un momento de enorme alegr\u00eda para estas familias\nque empujan con entusiasmo y cuentan con el respaldo de FECOVI.<\/p>\n\n\n\n<p>Como se sabe la\ncooperativa participa en la \u201cheroica\u201d en el proyecto transformador de la ex\nf\u00e1brica Paylana, dise\u00f1ado por la Intendencia y apoyado por el gobierno nacional.\nDel mismo toman partida otras 7 cooperativas y diversos emprendimientos y\nservicios. En materia de producci\u00f3n social de h\u00e1bitat se acord\u00f3, situaci\u00f3n\nrefrendada por FECOVI, que dentro de las ocho cooperativas participantes tres\nobtuvieran adjudicaci\u00f3n directa de su pr\u00e9stamo; a raz\u00f3n de una por Federaci\u00f3n.\nTal el caso de Coviappay. &nbsp;<\/p>\n\n\n\n<p>La presentaci\u00f3n del\nanteproyecto vino precedida de un fuerte trabajo de la cooperativa y su equipo\nt\u00e9cnico con mucha deliberaci\u00f3n, habida cuenta de las particularidades del\nproyecto y plazos perentorios planteados, que se suman a las complejidades\ninherentes a cualquier cooperativa. <\/p>\n\n\n\n<p>El cronograma\nparticular para las cooperativas con adjudicaci\u00f3n directa del proyecto\nmencionado se\u00f1ala que en julio se aprobar\u00eda el anteproyecto y, tras resoluci\u00f3n\nministerial en agosto, quedar\u00eda el camino expedito para escriturar en octubre.<\/p>\n\n\n\n<p>De aqu\u00ed a la presentaci\u00f3n del proyecto ejecutivo (setiembre) la cooperativa, junto a su equipo asesor y el apoyo de Federaci\u00f3n, tendr\u00e1 que seguir trabajando en la consolidaci\u00f3n del grupo, minimizar bajas, ajustar funcionamiento, cerrar forma de gesti\u00f3n y terminar de constituir el ahorro. En paralelo, continuar los debates relacionados con la asunci\u00f3n de responsabilidades en un momento donde estas cosas se hacen cuesta arriba. No obstante la historia de Federaci\u00f3n y el propio proceso de Coviappay, muy r\u00e1pido, indican que se puede.&nbsp; &nbsp;<\/p>\n\n\n\n<p>Dar\u00edo Rodr\u00edguez, Paysand\u00fa. <\/p>\n\n\n\n<figure class=\"wp-block-image\"><img loading=\"lazy\" decoding=\"async\" width=\"1024\" height=\"768\" src=\"https:\/\/fecovi.coop\/web\/wp-content\/uploads\/2019\/04\/IMG-20190404-WA0047-1-1024x768.jpg\" alt=\"\" class=\"wp-image-3216\" srcset=\"https:\/\/fecovi.coop\/web\/wp-content\/uploads\/2019\/04\/IMG-20190404-WA0047-1-1024x768.jpg 1024w, https:\/\/fecovi.coop\/web\/wp-content\/uploads\/2019\/04\/IMG-20190404-WA0047-1-300x225.jpg 300w, https:\/\/fecovi.coop\/web\/wp-content\/uploads\/2019\/04\/IMG-20190404-WA0047-1-768x576.jpg 768w, https:\/\/fecovi.coop\/web\/wp-content\/uploads\/2019\/04\/IMG-20190404-WA0047-1.jpg 1600w\" sizes=\"auto, (max-width: 1024px) 100vw, 1024px\" \/><\/figure>\n","protected":false},"excerpt":{"rendered":"<p>El pasado mi\u00e9rcoles 3 de abril, Coviappay (Cooperativa de vivienda ahorro previo Paysand\u00fa) dio un paso m\u00e1s en su camino a la escrituraci\u00f3n del pr\u00e9stamo al presentar su anteproyecto de &#8230;<\/p>\n","protected":false},"author":1,"featured_media":3212,"comment_status":"closed","ping_status":"closed","sticky":false,"template":"","format":"standard","meta":{"footnotes":""},"categories":[2],"tags":[],"class_list":["post-3211","post","type-post","status-publish","format-standard","has-post-thumbnail","hentry","category-noticias"],"_links":{"self":[{"href":"https:\/\/fecovi.coop\/web\/wp-json\/wp\/v2\/posts\/3211","targetHints":{"allow":["GET"]}}],"collection":[{"href":"https:\/\/fecovi.coop\/web\/wp-json\/wp\/v2\/posts"}],"about":[{"href":"https:\/\/fecovi.coop\/web\/wp-json\/wp\/v2\/types\/post"}],"author":[{"embeddable":true,"href":"https:\/\/fecovi.coop\/web\/wp-json\/wp\/v2\/users\/1"}],"replies":[{"embeddable":true,"href":"https:\/\/fecovi.coop\/web\/wp-json\/wp\/v2\/comments?post=3211"}],"version-history":[{"count":3,"href":"https:\/\/fecovi.coop\/web\/wp-json\/wp\/v2\/posts\/3211\/revisions"}],"predecessor-version":[{"id":3217,"href":"https:\/\/fecovi.coop\/web\/wp-json\/wp\/v2\/posts\/3211\/revisions\/3217"}],"wp:featuredmedia":[{"embeddable":true,"href":"https:\/\/fecovi.coop\/web\/wp-json\/wp\/v2\/media\/3212"}],"wp:attachment":[{"href":"https:\/\/fecovi.coop\/web\/wp-json\/wp\/v2\/media?parent=3211"}],"wp:term":[{"taxonomy":"category","embeddable":true,"href":"https:\/\/fecovi.coop\/web\/wp-json\/wp\/v2\/categories?post=3211"},{"taxonomy":"post_tag","embeddable":true,"href":"https:\/\/fecovi.coop\/web\/wp-json\/wp\/v2\/tags?post=3211"}],"curies":[{"name":"wp","href":"https:\/\/api.w.org\/{rel}","templated":true}]}}