{"id":3202,"date":"2019-03-28T00:23:46","date_gmt":"2019-03-28T00:23:46","guid":{"rendered":"https:\/\/fecovi.coop\/web\/?p=3202"},"modified":"2019-03-28T00:23:47","modified_gmt":"2019-03-28T00:23:47","slug":"convocatoria-a-cooperativas-interesadas-en-recibir-asesoramiento-de-estudiantes-de-la-licenciatura-en-trabajo-social","status":"publish","type":"post","link":"https:\/\/fecovi.coop\/web\/convocatoria-a-cooperativas-interesadas-en-recibir-asesoramiento-de-estudiantes-de-la-licenciatura-en-trabajo-social\/","title":{"rendered":"Convocatoria a Cooperativas interesadas en  recibir asesoramiento de estudiantes de la  Licenciatura en Trabajo Social"},"content":{"rendered":"\n<p>Les informamos que la Federaci\u00f3n, a partir de un acuerdo de trabajo junto a\nla Facultad de Ciencias Sociales, este a\u00f1o comenzar\u00e1 a ser centro de pr\u00e1ctica\nde estudiantes de 3\u00ba y 4\u00ba a\u00f1o de grado de la Licenciatura de Trabajo Social.<\/p>\n\n\n\n<p>Durante el proceso de formaci\u00f3n la facultad cuenta con distintas \u00e1reas de\nposible inserci\u00f3n profesional, siendo uno de ellos el &nbsp;\u201cProyecto Integral: Sujetos\ncolectivos y organizaci\u00f3n popular\u201d. En el mismo desde el a\u00f1o 2007 estudiantes y\nequipo de docentes vienen trabajando con cooperativas de vivienda de ayuda\nmutua queriendo a partir del mencionado acuerdo de trabajo junto a FECOVI\nincorporar la participaci\u00f3n de los estudiantes a las cooperativas de ahorro\nprevio.&nbsp; <\/p>\n\n\n\n<p>La din\u00e1mica de trabajo de los estudiantes es\nen grupos peque\u00f1os a los cuales se les asignar\u00eda una cooperativa para realizar\nya sea apoyo y acompa\u00f1amiento t\u00e9cnico a comisiones y grupos de trabajo, talleres\ny encuentros de formaci\u00f3n con grupos, asesoramiento con grupos tem\u00e1ticos o\netarios, entre otros. En todos los casos las propuestas de intervenci\u00f3n se\nconstruye tomando en cuenta las inquietudes, expectativas y demandas de la\ncooperativa de referencia. Se plantea la posibilidad de generar un proceso de\ndos a\u00f1os con la cooperativa, adecuando la intervenci\u00f3n a los momentos y\nnecesidades de la misma.<\/p>\n\n\n\n<p>Comunicamos este nuevo acuerdo con el objetivo\nde que todas aquellas cooperativas que consideren que la participaci\u00f3n de los\nestudiantes y docentes ayudar\u00eda o aportar\u00eda al proceso en el que se encuentra\nla cooperativa, puedan postularse para recibir a los grupos de estudiantes. Una\nvez que se presenten las cooperativas interesadas se retomar\u00e1 junto a los\ndocentes y evaluar\u00e1 las posibilidades de dar cuenta a las demandas solicitadas,\ncoordinando posteriormente un encuentro con las cooperativas postuladas. <\/p>\n\n\n\n<p>Esperemos sea una herramienta utilizada, ya\nque entendemos que el \u00c1rea Social dentro del proceso cooperativista es central\ny se ha demostrado que su ausencia trae aparejado dificultades en el mismo. Considerando\ndicho acuerdo como un avance de la Federaci\u00f3n, ya que la participaci\u00f3n de la\nUniversidad en las organizaciones permite vincular pr\u00e1ctica e investigaci\u00f3n a\npartir de las experiencias propias de las cooperativas y de la federaci\u00f3n.<\/p>\n\n\n\n<p>Recibiremos consultas, opiniones y confirmaci\u00f3n\nde las cooperativas que deseen contar con la participaci\u00f3n de grupos de\nestudiantes, hasta el lunes 1\u00b0 de abril al mail <a href=\"mailto:areasocial@fecovi.coop\">areasocial@fecovi.coop<\/a>.<\/p>\n","protected":false},"excerpt":{"rendered":"<p>Les informamos que la Federaci\u00f3n, a partir de un acuerdo de trabajo junto a la Facultad de Ciencias Sociales, este a\u00f1o comenzar\u00e1 a ser centro de pr\u00e1ctica de estudiantes de &#8230;<\/p>\n","protected":false},"author":1,"featured_media":3203,"comment_status":"closed","ping_status":"closed","sticky":false,"template":"","format":"standard","meta":{"footnotes":""},"categories":[2],"tags":[],"class_list":["post-3202","post","type-post","status-publish","format-standard","has-post-thumbnail","hentry","category-noticias"],"_links":{"self":[{"href":"https:\/\/fecovi.coop\/web\/wp-json\/wp\/v2\/posts\/3202","targetHints":{"allow":["GET"]}}],"collection":[{"href":"https:\/\/fecovi.coop\/web\/wp-json\/wp\/v2\/posts"}],"about":[{"href":"https:\/\/fecovi.coop\/web\/wp-json\/wp\/v2\/types\/post"}],"author":[{"embeddable":true,"href":"https:\/\/fecovi.coop\/web\/wp-json\/wp\/v2\/users\/1"}],"replies":[{"embeddable":true,"href":"https:\/\/fecovi.coop\/web\/wp-json\/wp\/v2\/comments?post=3202"}],"version-history":[{"count":1,"href":"https:\/\/fecovi.coop\/web\/wp-json\/wp\/v2\/posts\/3202\/revisions"}],"predecessor-version":[{"id":3204,"href":"https:\/\/fecovi.coop\/web\/wp-json\/wp\/v2\/posts\/3202\/revisions\/3204"}],"wp:featuredmedia":[{"embeddable":true,"href":"https:\/\/fecovi.coop\/web\/wp-json\/wp\/v2\/media\/3203"}],"wp:attachment":[{"href":"https:\/\/fecovi.coop\/web\/wp-json\/wp\/v2\/media?parent=3202"}],"wp:term":[{"taxonomy":"category","embeddable":true,"href":"https:\/\/fecovi.coop\/web\/wp-json\/wp\/v2\/categories?post=3202"},{"taxonomy":"post_tag","embeddable":true,"href":"https:\/\/fecovi.coop\/web\/wp-json\/wp\/v2\/tags?post=3202"}],"curies":[{"name":"wp","href":"https:\/\/api.w.org\/{rel}","templated":true}]}}