{"id":3196,"date":"2019-03-26T21:09:38","date_gmt":"2019-03-26T21:09:38","guid":{"rendered":"https:\/\/fecovi.coop\/web\/?p=3196"},"modified":"2021-02-11T17:22:11","modified_gmt":"2021-02-11T17:22:11","slug":"fecovi-participo-de-taller-sobre-genero-en-piriapolis","status":"publish","type":"post","link":"https:\/\/fecovi.coop\/web\/fecovi-participo-de-taller-sobre-genero-en-piriapolis\/","title":{"rendered":"FECOVI particip\u00f3 de taller sobre g\u00e9nero en Piri\u00e1polis"},"content":{"rendered":"\n<p>El\ns\u00e1bado 23 de marzo se realiz\u00f3 en la Colonia de Vacaciones de Cooperativa\nArtigas de Piri\u00e1polis (Maldonado) un taller de sensibilizaci\u00f3n de g\u00e9nero organizado\npor el Observatorio de G\u00e9nero, Etnia y Diversidad de esta Cooperativa, y por la\nComisi\u00f3n de G\u00e9nero de CUDECOOP.<\/p>\n\n\n\n<p>Por\nFECOVI concurrieron Soledad Cuadrado de la Cooperativa Gardeliana Sur, y la\nDirectiva de la Federaci\u00f3n Zulma Perdomo.<\/p>\n\n\n\n<p>Participaron\nadem\u00e1s cooperativistas (varones y mujeres) de los departamentos de Salto,\nPaysand\u00fa, Tacuaremb\u00f3, R\u00edo Negro, Canelones, San Jos\u00e9, Maldonado y Montevideo. <\/p>\n\n\n\n<p>El\nobjetivo principal del encuentro fue compartir los avances de la investigaci\u00f3n\n2017-2018 sobre la participaci\u00f3n de las mujeres en las instancias de gobernanza\nde las cooperativas, al tiempo de generar un espacio de reflexi\u00f3n sobre el\nconcepto de g\u00e9nero y sus principales caracter\u00edsticas, y reflexionar acerca de\nlos estereotipos de g\u00e9nero y las consecuencias de la divisi\u00f3n sexual, como\ndimensiones claves en la generaci\u00f3n de desigualdades y discriminaciones.<\/p>\n\n\n\n<p>El\nPresidente de Cooperativa Artigas Sr. Ivar Solsona, fue el encargado de dar\napertura a la jornada, junto a la Presidenta de la Comisi\u00f3n de G\u00e9nero de\nCudecoop, \u00c1ngeles Dati. Posteriormente se realiz\u00f3 la presentaci\u00f3n de los\nresultados de la investigaci\u00f3n realizada por t\u00e9cnicas de CUDECOOP. <\/p>\n\n\n\n<p>Luego\nde la parte oratoria, se realiz\u00f3 una din\u00e1mica en subgrupos en la cual se\nplantearon diferentes situaciones de la vida cotidiana y c\u00f3mo son vividas por\ncada una de las mujeres, de familiares y conocidos. Las diferentes situaciones fueron\npuestas en com\u00fan dando lugar a una instancia de di\u00e1logo sobre el concepto de\ng\u00e9nero y sus caracter\u00edsticas, los estereotipos y las consecuencias de la\ndivisi\u00f3n sexual en t\u00e9rminos de generaci\u00f3n de desigualdades y discriminaciones\nen el \u00e1mbito dom\u00e9stico y laboral. <\/p>\n\n\n\n<p>Como\nconclusi\u00f3n general y compartida surgi\u00f3 la inquietud y necesidad de poder\nplantear la creaci\u00f3n de una comisi\u00f3n de g\u00e9nero a nivel de cada cooperativa y de\nla Federaci\u00f3n, la misma integrada por varones y mujeres, con poder de decisi\u00f3n\ny autonom\u00eda econ\u00f3mica para intervenir en diferentes situaciones cotidianas que ocurren\nen la vida de las cooperativas. De esta manera se entiende que se acortar\u00eda la\nbrecha de desigualdad en la participaci\u00f3n real de mujeres en \u00e1mbitos de\ndecisi\u00f3n de las cooperativas.<\/p>\n\n\n\n<p>Finalizada\nla instancia de intercambio, la jornada continu\u00f3 a cargo de la Lic. Andrea\nTuana, que brind\u00f3 un taller de formaci\u00f3n de G\u00e9nero. <\/p>\n\n\n\n<p>El cierre\nestuvo a cargo de autoridades de CUDECOOP.<\/p>\n\n\n\n<p><a rel=\"noreferrer noopener\" aria-label=\"Compartimos aqu\u00ed la exposici\u00f3n de la Lic. Andrea Tuana  (abre en una nueva pesta\u00f1a)\" href=\"https:\/\/www.youtube.com\/watch?v=Bk4ebskK9j4&amp;t=30s\" target=\"_blank\">Compartimos aqu\u00ed la exposici\u00f3n de la Lic. Andrea Tuana <\/a><\/p>\n\n\n\n<p>Ver fotos (Fuente: Cudecoop)<\/p>\n\n\n\n<a data-flickr-embed=\"true\"  href=\"https:\/\/www.flickr.com\/photos\/157869824@N05\/albums\/72157704281019182\" title=\"Jornada G\u00e9nero Piri\u00e1polis_ Marzo2019\"><img loading=\"lazy\" decoding=\"async\" src=\"https:\/\/farm8.staticflickr.com\/7901\/46758104854_9ae5970e4c_z.jpg\" width=\"640\" height=\"426\" alt=\"Jornada G\u00e9nero Piri\u00e1polis_ Marzo2019\"><\/a><script async src=\"\/\/embedr.flickr.com\/assets\/client-code.js\" charset=\"utf-8\"><\/script>\n\n\n\n\n<p><\/p>\n\n\n\n<p><\/p>\n","protected":false},"excerpt":{"rendered":"<p>El s\u00e1bado 23 de marzo se realiz\u00f3 en la Colonia de Vacaciones de Cooperativa Artigas de Piri\u00e1polis (Maldonado) un taller de sensibilizaci\u00f3n de g\u00e9nero organizado por el Observatorio de G\u00e9nero, &#8230;<\/p>\n","protected":false},"author":1,"featured_media":3199,"comment_status":"closed","ping_status":"closed","sticky":false,"template":"","format":"standard","meta":{"footnotes":""},"categories":[2],"tags":[],"class_list":["post-3196","post","type-post","status-publish","format-standard","has-post-thumbnail","hentry","category-noticias"],"_links":{"self":[{"href":"https:\/\/fecovi.coop\/web\/wp-json\/wp\/v2\/posts\/3196","targetHints":{"allow":["GET"]}}],"collection":[{"href":"https:\/\/fecovi.coop\/web\/wp-json\/wp\/v2\/posts"}],"about":[{"href":"https:\/\/fecovi.coop\/web\/wp-json\/wp\/v2\/types\/post"}],"author":[{"embeddable":true,"href":"https:\/\/fecovi.coop\/web\/wp-json\/wp\/v2\/users\/1"}],"replies":[{"embeddable":true,"href":"https:\/\/fecovi.coop\/web\/wp-json\/wp\/v2\/comments?post=3196"}],"version-history":[{"count":2,"href":"https:\/\/fecovi.coop\/web\/wp-json\/wp\/v2\/posts\/3196\/revisions"}],"predecessor-version":[{"id":3201,"href":"https:\/\/fecovi.coop\/web\/wp-json\/wp\/v2\/posts\/3196\/revisions\/3201"}],"wp:featuredmedia":[{"embeddable":true,"href":"https:\/\/fecovi.coop\/web\/wp-json\/wp\/v2\/media\/3199"}],"wp:attachment":[{"href":"https:\/\/fecovi.coop\/web\/wp-json\/wp\/v2\/media?parent=3196"}],"wp:term":[{"taxonomy":"category","embeddable":true,"href":"https:\/\/fecovi.coop\/web\/wp-json\/wp\/v2\/categories?post=3196"},{"taxonomy":"post_tag","embeddable":true,"href":"https:\/\/fecovi.coop\/web\/wp-json\/wp\/v2\/tags?post=3196"}],"curies":[{"name":"wp","href":"https:\/\/api.w.org\/{rel}","templated":true}]}}