{"id":3188,"date":"2019-03-18T19:32:05","date_gmt":"2019-03-18T19:32:05","guid":{"rendered":"https:\/\/fecovi.coop\/web\/?p=3188"},"modified":"2019-03-18T19:33:15","modified_gmt":"2019-03-18T19:33:15","slug":"paysandu-junta-avalo-enajenacion","status":"publish","type":"post","link":"https:\/\/fecovi.coop\/web\/paysandu-junta-avalo-enajenacion\/","title":{"rendered":"Paysand\u00fa: Junta aval\u00f3 enajenaci\u00f3n"},"content":{"rendered":"\n<p>Desde las primeras horas de la tarde del jueves 14 de marzo, las 8 cooperativas  participantes del proyecto urbano en la Ex Paylana y las Federaciones \u201ccoparon\u201d el entorno del edificio de la Intendencia Departamental. En el mismo funciona, tambi\u00e9n, la Junta Departamental que ese d\u00eda ten\u00eda a su consideraci\u00f3n la enajenaci\u00f3n de los terrenos para las respectivas cooperativas. Una de ellas, nuestra, Coviappay (34 familias). El c\u00e9ntrico lugar se llen\u00f3 de familias y toda la simbolog\u00eda cooperativista. Coviappay, por ejemplo, estren\u00f3 camisetas y volvi\u00f3 a desplegar su bandera y la de FECOVI. La vigilia, en agradable d\u00eda,  motoriz\u00f3 espacio informativo y facilit\u00f3 intercambio con los transe\u00fantes  y autoridades municipales que bajaron y conversaron con los cooperativistas y su buena organizaci\u00f3n. <br> Nuestra cooperativa, por estos d\u00edas, estar\u00e1 presentando el \u201canteproyecto\u201d a la ANV; por lo que la obtenci\u00f3n de la enajenaci\u00f3n era fundamental. Se trabaja fuerte en dicha etapa. En virtud de la asignaci\u00f3n directa del cr\u00e9dito a la cooperativa, existe un cronograma espec\u00edfico.<br><\/p>\n\n\n\n<p><strong>30 en 31, afirmativo\u2026<\/strong><br> \u2026dijo el presidente de la Junta y la barra estall\u00f3  en un cerrado aplauso que determin\u00f3 un similar gesto de los ediles hacia la ella. La concreci\u00f3n de esta etapa, fue un espaldarazo para todos, ni que decir para Coviappay que ajust\u00f3 funcionamiento y se tonific\u00f3 tras alguna dificultad propia del proceso. Para el arribo de tal resultado fue importante el trabajo desplegado desde Federaci\u00f3n, articulando con otras organizaciones, dialogando con todas las bancadas, teniendo ida  vuelta permanente con Intendencia, movilizando los involucrados. Un buen resultado con un aprendizaje concreto: la relevancia de estar organizado.  <\/p>\n\n\n\n<p>Dar\u00edo Rodriguez, Paysand\u00fa.<\/p>\n","protected":false},"excerpt":{"rendered":"<p>Desde las primeras horas de la tarde del jueves 14 de marzo, las 8 cooperativas participantes del proyecto urbano en la Ex Paylana y las Federaciones \u201ccoparon\u201d el entorno del &#8230;<\/p>\n","protected":false},"author":1,"featured_media":3190,"comment_status":"closed","ping_status":"closed","sticky":false,"template":"","format":"standard","meta":{"footnotes":""},"categories":[2],"tags":[],"class_list":["post-3188","post","type-post","status-publish","format-standard","has-post-thumbnail","hentry","category-noticias"],"_links":{"self":[{"href":"https:\/\/fecovi.coop\/web\/wp-json\/wp\/v2\/posts\/3188","targetHints":{"allow":["GET"]}}],"collection":[{"href":"https:\/\/fecovi.coop\/web\/wp-json\/wp\/v2\/posts"}],"about":[{"href":"https:\/\/fecovi.coop\/web\/wp-json\/wp\/v2\/types\/post"}],"author":[{"embeddable":true,"href":"https:\/\/fecovi.coop\/web\/wp-json\/wp\/v2\/users\/1"}],"replies":[{"embeddable":true,"href":"https:\/\/fecovi.coop\/web\/wp-json\/wp\/v2\/comments?post=3188"}],"version-history":[{"count":4,"href":"https:\/\/fecovi.coop\/web\/wp-json\/wp\/v2\/posts\/3188\/revisions"}],"predecessor-version":[{"id":3195,"href":"https:\/\/fecovi.coop\/web\/wp-json\/wp\/v2\/posts\/3188\/revisions\/3195"}],"wp:featuredmedia":[{"embeddable":true,"href":"https:\/\/fecovi.coop\/web\/wp-json\/wp\/v2\/media\/3190"}],"wp:attachment":[{"href":"https:\/\/fecovi.coop\/web\/wp-json\/wp\/v2\/media?parent=3188"}],"wp:term":[{"taxonomy":"category","embeddable":true,"href":"https:\/\/fecovi.coop\/web\/wp-json\/wp\/v2\/categories?post=3188"},{"taxonomy":"post_tag","embeddable":true,"href":"https:\/\/fecovi.coop\/web\/wp-json\/wp\/v2\/tags?post=3188"}],"curies":[{"name":"wp","href":"https:\/\/api.w.org\/{rel}","templated":true}]}}