{"id":3158,"date":"2019-02-28T21:04:16","date_gmt":"2019-02-28T21:04:16","guid":{"rendered":"https:\/\/fecovi.coop\/web\/?p=3158"},"modified":"2019-03-12T23:05:35","modified_gmt":"2019-03-12T23:05:35","slug":"coviappay-visito-cooperativas-en-montevideo","status":"publish","type":"post","link":"https:\/\/fecovi.coop\/web\/coviappay-visito-cooperativas-en-montevideo\/","title":{"rendered":"Coviappay visit\u00f3 cooperativas en Montevideo"},"content":{"rendered":"\n<p>Con el apoyo de\nla Federaci\u00f3n, una delegaci\u00f3n de Coviappay viaj\u00f3 el s\u00e1bado 23 de febrero a\nMontevideo con el prop\u00f3sito de recorrer cooperativas y participar de un\nplenario en Cooperativa Andamios, ubicada en Lucas P\u00edriz y Quijote de la\nMancha, detr\u00e1s del Complejo Bulevar. <\/p>\n\n\n\n<p>La delegaci\u00f3n sanducera, compuesta por cinco mujeres y dos varones (uno de ellos asesor de FECOVI en el territorio) visit\u00f3 en la ma\u00f1ana la cooperativa Del Nav\u00edo, y en las primeras horas de la tarde la Cooperativa Puerto Fabini, para luego participar del mencionado plenario. <\/p>\n\n\n\n<p>La actividad se\nhab\u00eda visualizado desde la Direcci\u00f3n y la asesor\u00eda como una necesidad, habida\ncuenta del proceso que viene desarrollando la cooperativa Coviapay, que -con\npoco m\u00e1s de un a\u00f1o de existencia- comenzar\u00e1 a desarrollar su proyecto f\u00edsico y\nsocial en el predio de la Ex Textil Paylana sobre el cuarto trimestre. <\/p>\n\n\n\n<p>Para dar mayor\ncontexto a la informaci\u00f3n hay que mencionar que Coviappay tiene asignado\ndirectamente el cr\u00e9dito, en virtud de su presencia en FECOVI y transita -con el\nresto de las 7 que son part\u00edcipes de este proyecto- la \u201cfactibilidad de\nterreno\u201d frente a la ANV. <\/p>\n\n\n\n<p>Coviappay -que construir\u00e1\nen altura media (cuatro pisos) y re\u00fane a 34 familias-, trabaja fuertemente\njunto a su equipo asesor, en la consolidaci\u00f3n del inicial ahorro previo (7.5 %)\nque viabilice escrituraci\u00f3n, y avanzar\u00e1, en pocos d\u00edas, en la definici\u00f3n de qu\u00e9\ntipo de gesti\u00f3n encarar\u00e1. <\/p>\n\n\n\n<p>Paralelamente,\nlas distintas organizaciones -entre ellas FECOVI-, se re\u00fanen con las distintas\nbancadas de la Junta Departamental para que se apruebe la venta de los\nfraccionamientos a cada una de las cooperativas (se requiere mayor\u00eda especial\nde 21 votos).<\/p>\n\n\n\n<p>En las visitas\niniciales, cooperativistas que estuvieron muy involucrados en el proceso, adem\u00e1s\nde mostrar la construcci\u00f3n f\u00edsica de&nbsp;\ncada departamento, relataron la experiencia vivida, haciendo \u00e9nfasis en\nel v\u00ednculo con el IAT, la empresa constructora (si fuera el caso), la forma de\ncompra, plazo de la obra, gesti\u00f3n, involucramiento social, rol de Federaci\u00f3n,\ndel MVOTMA y de ANV. La informaci\u00f3n recogida, que gener\u00f3 un ida&nbsp; y vuelta muy productivo, contribuir\u00e1 a las\nfuturas decisiones de la cooperativa. <\/p>\n\n\n\n<p>El cierre de la intensa agenda montevideana tuvo su colof\u00f3n con el plenario en Andamios con la presencia de 5 cooperativas m\u00e1s: Covitv1, Coviafutu, Alondras del Prado, Del Nav\u00edo y Ra\u00edces Nuevas).<\/p>\n\n\n\n<p>Cada una de las\ncooperativas expuso su experiencia, en particular la forma de gesti\u00f3n que\nresolvi\u00f3. Hab\u00eda cooperativas con gesti\u00f3n directa y con delegada. Las\nexposiciones fueron muy ricas, generadoras de reflexiones. <\/p>\n\n\n\n<p>Dentro de los\ndiversos y variados comentarios, se pueden extraer algunas conclusiones que\npermeaban las distintas intervenciones. En buena medida, m\u00e1s all\u00e1 de la\ngesti\u00f3n, los proyectos requirieron &nbsp;de\nlos socios un sobre ahorro, (los recursos no alcanzaban) es importante\nacrecentar el compromiso y los niveles de involucramiento, y la agremiaci\u00f3n es\nuna referencia. <\/p>\n\n\n\n<p>Creemos que la\ndelegaci\u00f3n sanducera extraer\u00e1 sus conclusiones para trasladar al colectivo que\ntendr\u00e1 que decidir el tipo de gesti\u00f3n. Asistir a una instancia de tal\nnaturaleza facilita el intercambio, hacerse de ciertos insumos, conocer otras\nrealidades con sus respectivos contextos y abrir puertas que siempre es\npositivo. <\/p>\n\n\n\n<p>En este caso, la\ngremial viene siendo fundamental en el apoyo general y lo fue, ahora,\nfacilitando la instancia que signific\u00f3 organizarse y hacer \u2013en ida y vuelta- 740\nKms. Valieron la pena. <\/p>\n\n\n\n<p>En todo momento\nla delegaci\u00f3n estuvo acompa\u00f1ada por Viviana P\u00e9rez, una de las trabajadoras\nsociales que integra el staff de la Federaci\u00f3n. La delegaci\u00f3n volvi\u00f3 a la\n\u201cheroica\u201d con mucho entusiasmo e informaci\u00f3n, resaltando la val\u00eda de la\nactividad. <\/p>\n\n\n\n<p>Dar\u00edo Rodr\u00edguez <br>(Asesor de FECOVI en Paysand\u00fa)  &nbsp;&nbsp;<\/p>\n\n\n\n<a data-flickr-embed=\"true\" href=\"https:\/\/www.flickr.com\/photos\/157869824@N05\/albums\/72157676907654417\" title=\"Visita de Coviappay\"><img loading=\"lazy\" decoding=\"async\" src=\"https:\/\/farm8.staticflickr.com\/7830\/47249899161_2d389ed17c.jpg\" width=\"500\" height=\"172\" alt=\"Visita de Coviappay\"><\/a><script async=\"\" src=\"\/\/embedr.flickr.com\/assets\/client-code.js\" charset=\"utf-8\"><\/script>\n\n\n\n<p><\/p>\n","protected":false},"excerpt":{"rendered":"<p>Con el apoyo de la Federaci\u00f3n, una delegaci\u00f3n de Coviappay viaj\u00f3 el s\u00e1bado 23 de febrero a Montevideo con el prop\u00f3sito de recorrer cooperativas y participar de un plenario en &#8230;<\/p>\n","protected":false},"author":1,"featured_media":3160,"comment_status":"closed","ping_status":"closed","sticky":false,"template":"","format":"standard","meta":{"footnotes":""},"categories":[2],"tags":[],"class_list":["post-3158","post","type-post","status-publish","format-standard","has-post-thumbnail","hentry","category-noticias"],"_links":{"self":[{"href":"https:\/\/fecovi.coop\/web\/wp-json\/wp\/v2\/posts\/3158","targetHints":{"allow":["GET"]}}],"collection":[{"href":"https:\/\/fecovi.coop\/web\/wp-json\/wp\/v2\/posts"}],"about":[{"href":"https:\/\/fecovi.coop\/web\/wp-json\/wp\/v2\/types\/post"}],"author":[{"embeddable":true,"href":"https:\/\/fecovi.coop\/web\/wp-json\/wp\/v2\/users\/1"}],"replies":[{"embeddable":true,"href":"https:\/\/fecovi.coop\/web\/wp-json\/wp\/v2\/comments?post=3158"}],"version-history":[{"count":3,"href":"https:\/\/fecovi.coop\/web\/wp-json\/wp\/v2\/posts\/3158\/revisions"}],"predecessor-version":[{"id":3184,"href":"https:\/\/fecovi.coop\/web\/wp-json\/wp\/v2\/posts\/3158\/revisions\/3184"}],"wp:featuredmedia":[{"embeddable":true,"href":"https:\/\/fecovi.coop\/web\/wp-json\/wp\/v2\/media\/3160"}],"wp:attachment":[{"href":"https:\/\/fecovi.coop\/web\/wp-json\/wp\/v2\/media?parent=3158"}],"wp:term":[{"taxonomy":"category","embeddable":true,"href":"https:\/\/fecovi.coop\/web\/wp-json\/wp\/v2\/categories?post=3158"},{"taxonomy":"post_tag","embeddable":true,"href":"https:\/\/fecovi.coop\/web\/wp-json\/wp\/v2\/tags?post=3158"}],"curies":[{"name":"wp","href":"https:\/\/api.w.org\/{rel}","templated":true}]}}