{"id":3066,"date":"2019-02-11T23:49:33","date_gmt":"2019-02-11T23:49:33","guid":{"rendered":"https:\/\/fecovi.coop\/web\/?p=3066"},"modified":"2019-02-26T19:30:59","modified_gmt":"2019-02-26T19:30:59","slug":"inauguro-la-cooperativa-30-de-febreroapuesten-a-esto-porque-vale-la-pena-el-sentimiento-es-inexplicable","status":"publish","type":"post","link":"https:\/\/fecovi.coop\/web\/inauguro-la-cooperativa-30-de-febreroapuesten-a-esto-porque-vale-la-pena-el-sentimiento-es-inexplicable\/","title":{"rendered":"Inaugur\u00f3 la Cooperativa 30 de Febrero:\u201cApuesten a esto porque vale la pena, el sentimiento es inexplicable\u201d"},"content":{"rendered":"\n<p>El terreno bald\u00edo ubicado en la esquina de las calles Ni\u00f1a y L\u00edster, en el barrio Lezica, cambi\u00f3 su escenograf\u00eda con el nacimiento de una nueva cooperativa de viviendas integrada por 18 familias que desde hace 4 a\u00f1os trabajan en pos de lograr el sue\u00f1o de la casa: la Cooperativa 30 de Febrero, que el s\u00e1bado 9 de febrero inaugur\u00f3 sus obras junto a familiares, amigos y vecinos del barrio. <br>Integrada por 18 viviendas duplex, el grupo de \u201cla 30\u201d logr\u00f3, con la participaci\u00f3n y el compromiso de todos, desarrollar la obra en tan solo 18 meses de trabajo, siendo el plazo del proyecto de 24 meses. Se trat\u00f3 de un trabajo \u201cenorme y muy completo\u201d; as\u00ed lo expres\u00f3 el Secretario General de FECOVI, Dr. Alberto Esteves, quien se manifest\u00f3 \u201cencantado\u201d de estar celebrando este hito tan importante tanto para la cooperativa como para la Federaci\u00f3n.<em> \u201cSabemos todo lo que trabajaron, lo hemos visto en nuestras visitas a la obra y estamos muy orgullosos de c\u00f3mo se organizaron y sacaron adelante esta cooperativa, gracias a su iniciativa y su trabajo como grupo\u201d<\/em>, expres\u00f3. <br>Por su parte, el Presidente de la Agencia Nacional de Vivienda, Arq. Francisco Beltrame, tambi\u00e9n destac\u00f3 el intenso trabajo de la cooperativa, que, a pesar de ser de ahorro previo, tambi\u00e9n \u201cmeti\u00f3 mano\u201d en la obra, siendo sumamente importante, porque <em>\u201cuno va conociendo y reconociendo la fortaleza que cada uno de los vecinos tiene, y \u00e9stos que hoy son sus vecinos, pasar\u00e1n a ser esos familiares m\u00e1s cercanos a quien seguramente en alguna oportunidad confiar\u00e1n el cuidado de sus hijos, o pedir\u00e1n alguna cosa prestada por un rato\u201d<\/em>, expres\u00f3. <em>\u201cQu\u00e9 cosa m\u00e1s linda que festejar este logro de haber llegado a plasmar este sensacional proyecto desde el punto de vista arquitect\u00f3nico y de lo que significa como grupo\u201d<\/em>, agreg\u00f3.<br>Por otra parte record\u00f3 a la Federaci\u00f3n del a\u00f1o 2005, que en ese momento contaba con una \u00fanica cooperativa en obra y dos cooperativas peleando para escriturar, destacando lo que se ha podido hacer en estos a\u00f1os \u201ccon pol\u00edticas activas que han permitido llegar y acceder a un mont\u00f3n de familias. <em>\u201cLlegar con algunas cosas que a veces no recalcamos, pero es tambi\u00e9n un mecanismo de transparencia a la hora de la adjudicaci\u00f3n de los pr\u00e9stamos a trav\u00e9s de los sorteos, habiendo culminado las tareas, y eso tiene esta bendici\u00f3n que es el producto de estas pol\u00edticas: ver c\u00f3mo en determinado plazo, con determinadas ganas, con reglas claras se puede llevar adelante un emprendimiento que re\u00fane, que unifica, que no es solamente construir viviendas, construir ladrillos, sino que es ir generando comunidad, convivencia, vecindad, y eso me parece que es de esas claves que tiene que ver con las pol\u00edticas p\u00fablicas en las cuales hay un involucramiento de quien va a ser el destinatario final de la vivienda\u201d<\/em>, finaliz\u00f3. <br>A su vez, el Director Nacional de Vivienda del MVOTMA, Arq. Salvador Schelotto destac\u00f3 que ser parte de estas oportunidades de festejar conmueve mucho y  <em>\u201ccompleta en nuestra tarea, porque es ver que juntos el movimiento cooperativo, la Federaci\u00f3n, esta cooperativa en concreto, el IAT y nuestras instituciones podemos terminar resultados de much\u00edsima calidad y con un esfuerzo muy importante de cada una de las 18 familias, con un desarrollo de obra ejemplar y con una calidad de resultado de arquitectura de impacto en la zona, que va a mejorar el barrio y que va a ser un aporte no solamente a todas las familias sino a Lezica y a la ciudad\u201d<\/em>. Y agreg\u00f3 que <em>\u201c\u00e9ste es un escal\u00f3n concreto pero ya hemos venido de los \u00faltimos meses y a\u00f1os en oportunidades similares: en grupos cooperativos m\u00e1s chicos, m\u00e1s grandes, en distintos lugares de Montevideo, del interior, y este a\u00f1o este tipo de actividades se van a repetir, porque el Uruguay en este momento es un pa\u00eds que tiene un alto n\u00famero de obras de cooperativas y vamos a concretar m\u00e1s. Y muchas de ellas se van a ir terminando y otras van a comenzar. Esto es una buena noticia para Montevideo, y para los 18 departamentos restantes. Afortunadamente y con el trabajo mancomunado de todos, la modalidad del cooperativismo ha tomado todo el territorio nacional. Antes estaba ubicado en algunos lugares, en algunas ciudades, en algunos departamentos, hoy se ha ampliado, se ha extendido y esto le est\u00e1 dando una proyecci\u00f3n, una capacidad de extender necesidades que es un ejemplo para nosotros los uruguayos y es un ejemplo a nivel internacional. Esto es parte de un proyecto colectivo, y la vivienda finalmente en la modalidad cooperativa es parte de un proyecto de vida (&#8230;) Para ustedes la mejor fortuna y que puedan vivir su proyecto de vida a partir de ahora en este lugar, felicitaciones\u201d<\/em>, culmin\u00f3.<\/p>\n\n\n\n<p>Con el objetivo de dejar el testimonio del esfuerzo de las familias y de la sociedad uruguaya, desde el MVOTMA y la ANV, se hizo entrega de una placa con el logo de la cooperativa, dejando plasmado el siguiente texto: <em>\u201cConstruida con el esfuerzo de las familias y de la sociedad uruguaya\u201d<\/em>. <\/p>\n\n\n\n<p>Desde la cooperativa, representantes de la Comisi\u00f3n Directiva expresaron gran emoci\u00f3n por ver finalizada la obra, y agradecieron a todos <em>\u201cpor acompa\u00f1ar en este momento tan especial para las familias de la 30 en la celebraci\u00f3n de la inauguraci\u00f3n, producto del esfuerzo colectivo, con muchas historias de las buenas y de las no tan buenas\u201d<\/em>. <em>\u201cEl camino de la cooperativa nunca fue f\u00e1cil, pero nos quedamos con la alegr\u00eda de cuando salimos sorteados, cuando escrituramos el pr\u00e9stamo, cuando entraron las primeras m\u00e1quinas a limpiar el terreno hace ya 2 a\u00f1os (\u2026) La primera limpieza de zanja, cuando llenamos los primeros pilares, las primeras vigas, las planchadas infinitas, las primeras guardias y \u00absereneadas\u00bb que nos permiten a todos hoy tener el producto del esfuerzo de la casa propia (\u2026) Este es un camino que es dif\u00edcil y uno llega siempre a lo \u00faltimo\u201d<\/em>. Adem\u00e1s agradecieron a las familias, amigos, proveedores, capataz de obra, IAT, vecinos que les dieron las primeras manos, a todas las cooperativas amigas y a todos aquellos que de alguna u otra manera hicieron posible el objetivo que la cooperativa 30 de febrero hoy se cumpliera. <br><em>\u201cEn este tiempo hemos vivido un mont\u00f3n de experiencias y sin embargo no hemos bajado los brazos, y el fruto ac\u00e1 est\u00e1. Apuesten a esto porque vale la pena, el sentimiento es inexplicable\u201d<\/em>, concluyeron.<\/p>\n\n\n\n<a data-flickr-embed=\"true\" href=\"https:\/\/www.flickr.com\/photos\/157869824@N05\/albums\/72157678589907798\" title=\"Inauguraci\u00f3n Cooperativa 30 de Febrero\"><img loading=\"lazy\" decoding=\"async\" src=\"https:\/\/farm8.staticflickr.com\/7838\/33190884508_76b50fbd7f_z.jpg\" width=\"427\" height=\"640\" alt=\"Inauguraci\u00f3n Cooperativa 30 de Febrero\"><\/a><script async=\"\" src=\"\/\/embedr.flickr.com\/assets\/client-code.js\" charset=\"utf-8\"><\/script>\n\n\n\n<p><a rel=\"noreferrer noopener\" aria-label=\"Ver video de la inauguraci\u00f3n (abre en una nueva pesta\u00f1a)\" href=\"https:\/\/www.youtube.com\/watch?v=vbYEOz2k2Ho\" target=\"_blank\">Ver video de la inauguraci\u00f3n<\/a><\/p>\n\n\n\n<p><\/p>\n\n\n\n<p><\/p>\n\n\n\n<p><\/p>\n","protected":false},"excerpt":{"rendered":"<p>El terreno bald\u00edo ubicado en la esquina de las calles Ni\u00f1a y L\u00edster, en el barrio Lezica, cambi\u00f3 su escenograf\u00eda con el nacimiento de una nueva cooperativa de viviendas integrada &#8230;<\/p>\n","protected":false},"author":1,"featured_media":3068,"comment_status":"closed","ping_status":"closed","sticky":false,"template":"","format":"standard","meta":{"footnotes":""},"categories":[2],"tags":[],"class_list":["post-3066","post","type-post","status-publish","format-standard","has-post-thumbnail","hentry","category-noticias"],"_links":{"self":[{"href":"https:\/\/fecovi.coop\/web\/wp-json\/wp\/v2\/posts\/3066","targetHints":{"allow":["GET"]}}],"collection":[{"href":"https:\/\/fecovi.coop\/web\/wp-json\/wp\/v2\/posts"}],"about":[{"href":"https:\/\/fecovi.coop\/web\/wp-json\/wp\/v2\/types\/post"}],"author":[{"embeddable":true,"href":"https:\/\/fecovi.coop\/web\/wp-json\/wp\/v2\/users\/1"}],"replies":[{"embeddable":true,"href":"https:\/\/fecovi.coop\/web\/wp-json\/wp\/v2\/comments?post=3066"}],"version-history":[{"count":7,"href":"https:\/\/fecovi.coop\/web\/wp-json\/wp\/v2\/posts\/3066\/revisions"}],"predecessor-version":[{"id":3148,"href":"https:\/\/fecovi.coop\/web\/wp-json\/wp\/v2\/posts\/3066\/revisions\/3148"}],"wp:featuredmedia":[{"embeddable":true,"href":"https:\/\/fecovi.coop\/web\/wp-json\/wp\/v2\/media\/3068"}],"wp:attachment":[{"href":"https:\/\/fecovi.coop\/web\/wp-json\/wp\/v2\/media?parent=3066"}],"wp:term":[{"taxonomy":"category","embeddable":true,"href":"https:\/\/fecovi.coop\/web\/wp-json\/wp\/v2\/categories?post=3066"},{"taxonomy":"post_tag","embeddable":true,"href":"https:\/\/fecovi.coop\/web\/wp-json\/wp\/v2\/tags?post=3066"}],"curies":[{"name":"wp","href":"https:\/\/api.w.org\/{rel}","templated":true}]}}