{"id":3060,"date":"2019-02-07T19:37:56","date_gmt":"2019-02-07T19:37:56","guid":{"rendered":"https:\/\/fecovi.coop\/web\/?p=3060"},"modified":"2019-02-07T19:37:58","modified_gmt":"2019-02-07T19:37:58","slug":"todos-por-marcos-feria-americana-y-alcancias","status":"publish","type":"post","link":"https:\/\/fecovi.coop\/web\/todos-por-marcos-feria-americana-y-alcancias\/","title":{"rendered":"Todos por Marcos: Feria Americana y alcanc\u00edas"},"content":{"rendered":"\n<p>Los compa\u00f1eros de la Cooperativa Cubo del Sur realizar\u00e1n una Feria Americana el pr\u00f3ximo s\u00e1bado 16 de febrero, con el fin de recolectar fondos para colaborar con el ni\u00f1o Marcos Kuster. <br>Quienes deseen colaborar y no puedan participar de la actividad, podr\u00e1n hacerlo a trav\u00e9s de alcanc\u00edas ubicadas en Recepci\u00f3n de FECOVI y tambi\u00e9n en la Cooperativa Cubo del Sur (Canelones 757 esq. Ciudadela), que adem\u00e1s se encuentra vendiendo bonos colaboraci\u00f3n a $40. <br>Si desean conocer m\u00e1s sobre Marcos y las actividades que se est\u00e1n promoviendo para colaborar, pueden ingresar al Facebook \u00abTodos por Marcos\u00bb. <\/p>\n\n\n\n<figure class=\"wp-block-image\"><img loading=\"lazy\" decoding=\"async\" width=\"724\" height=\"1024\" src=\"https:\/\/fecovi.coop\/web\/wp-content\/uploads\/2019\/02\/todos-por-Marcos-afiche-general-724x1024.jpg\" alt=\"\" class=\"wp-image-3062\" srcset=\"https:\/\/fecovi.coop\/web\/wp-content\/uploads\/2019\/02\/todos-por-Marcos-afiche-general-724x1024.jpg 724w, https:\/\/fecovi.coop\/web\/wp-content\/uploads\/2019\/02\/todos-por-Marcos-afiche-general-212x300.jpg 212w, https:\/\/fecovi.coop\/web\/wp-content\/uploads\/2019\/02\/todos-por-Marcos-afiche-general-768x1086.jpg 768w, https:\/\/fecovi.coop\/web\/wp-content\/uploads\/2019\/02\/todos-por-Marcos-afiche-general.jpg 1132w\" sizes=\"auto, (max-width: 724px) 100vw, 724px\" \/><\/figure>\n\n\n\n<figure class=\"wp-block-image\"><img loading=\"lazy\" decoding=\"async\" width=\"723\" height=\"1024\" src=\"https:\/\/fecovi.coop\/web\/wp-content\/uploads\/2019\/02\/Todos-por-Marcos-afiche-venta-economica-723x1024.jpeg\" alt=\"\" class=\"wp-image-3063\" srcset=\"https:\/\/fecovi.coop\/web\/wp-content\/uploads\/2019\/02\/Todos-por-Marcos-afiche-venta-economica-723x1024.jpeg 723w, https:\/\/fecovi.coop\/web\/wp-content\/uploads\/2019\/02\/Todos-por-Marcos-afiche-venta-economica-212x300.jpeg 212w, https:\/\/fecovi.coop\/web\/wp-content\/uploads\/2019\/02\/Todos-por-Marcos-afiche-venta-economica-768x1088.jpeg 768w, https:\/\/fecovi.coop\/web\/wp-content\/uploads\/2019\/02\/Todos-por-Marcos-afiche-venta-economica.jpeg 987w\" sizes=\"auto, (max-width: 723px) 100vw, 723px\" \/><\/figure>\n","protected":false},"excerpt":{"rendered":"<p>Los compa\u00f1eros de la Cooperativa Cubo del Sur realizar\u00e1n una Feria Americana el pr\u00f3ximo s\u00e1bado 16 de febrero, con el fin de recolectar fondos para colaborar con el ni\u00f1o Marcos &#8230;<\/p>\n","protected":false},"author":1,"featured_media":3064,"comment_status":"closed","ping_status":"closed","sticky":false,"template":"","format":"standard","meta":{"footnotes":""},"categories":[2],"tags":[],"class_list":["post-3060","post","type-post","status-publish","format-standard","has-post-thumbnail","hentry","category-noticias"],"_links":{"self":[{"href":"https:\/\/fecovi.coop\/web\/wp-json\/wp\/v2\/posts\/3060","targetHints":{"allow":["GET"]}}],"collection":[{"href":"https:\/\/fecovi.coop\/web\/wp-json\/wp\/v2\/posts"}],"about":[{"href":"https:\/\/fecovi.coop\/web\/wp-json\/wp\/v2\/types\/post"}],"author":[{"embeddable":true,"href":"https:\/\/fecovi.coop\/web\/wp-json\/wp\/v2\/users\/1"}],"replies":[{"embeddable":true,"href":"https:\/\/fecovi.coop\/web\/wp-json\/wp\/v2\/comments?post=3060"}],"version-history":[{"count":1,"href":"https:\/\/fecovi.coop\/web\/wp-json\/wp\/v2\/posts\/3060\/revisions"}],"predecessor-version":[{"id":3065,"href":"https:\/\/fecovi.coop\/web\/wp-json\/wp\/v2\/posts\/3060\/revisions\/3065"}],"wp:featuredmedia":[{"embeddable":true,"href":"https:\/\/fecovi.coop\/web\/wp-json\/wp\/v2\/media\/3064"}],"wp:attachment":[{"href":"https:\/\/fecovi.coop\/web\/wp-json\/wp\/v2\/media?parent=3060"}],"wp:term":[{"taxonomy":"category","embeddable":true,"href":"https:\/\/fecovi.coop\/web\/wp-json\/wp\/v2\/categories?post=3060"},{"taxonomy":"post_tag","embeddable":true,"href":"https:\/\/fecovi.coop\/web\/wp-json\/wp\/v2\/tags?post=3060"}],"curies":[{"name":"wp","href":"https:\/\/api.w.org\/{rel}","templated":true}]}}