{"id":3028,"date":"2018-12-27T22:02:53","date_gmt":"2018-12-27T22:02:53","guid":{"rendered":"https:\/\/fecovi.coop\/web\/?p=3028"},"modified":"2019-02-12T13:25:41","modified_gmt":"2019-02-12T13:25:41","slug":"navegar-mas-alla-de-todo-inauguro-cooperativa-del-navio","status":"publish","type":"post","link":"https:\/\/fecovi.coop\/web\/navegar-mas-alla-de-todo-inauguro-cooperativa-del-navio\/","title":{"rendered":"\u201cNavegar m\u00e1s all\u00e1 de todo\u201d: inaugur\u00f3 cooperativa Del Nav\u00edo"},"content":{"rendered":"\n<p>A un a\u00f1o de su habilitaci\u00f3n, el s\u00e1bado 15 de diciembre inaugur\u00f3 oficialmente la cooperativa Del Nav\u00edo, ubicada en la calle Mart\u00edn Fierro 2597 del barrio La Blanqueada, con una animada celebraci\u00f3n que cont\u00f3 con la presencia del Director Nacional de Vivienda, Arq. Salvador Schelotto y directivos de nuestra Federaci\u00f3n, que acompa\u00f1aron a las familias y vecinos de la cooperativa. <\/p>\n\n\n\n<p>Luego de la actuaci\u00f3n de la Orquesta Juvenil del Sodre que ameniz\u00f3 el\ncomienzo de la celebraci\u00f3n, vecinos de la cooperativa expresaron su alegr\u00eda por\nel cierre de esta etapa, que comenz\u00f3 8 a\u00f1os atr\u00e1s con la conformaci\u00f3n de la\ncooperativa, luego con la b\u00fasqueda y adjudicaci\u00f3n del terreno, el sorteo, y\nluego el enorme desaf\u00edo de la administraci\u00f3n directa (alternativa que tomaron\npara poder enfrentar el proyecto a trav\u00e9s del pr\u00e9stamo). <\/p>\n\n\n\n<p><em>\u201cLlegamos a esta instancia\norgullosos de haber logrado lo que logramos y de haber aprendido lo que aprendimos.\nEste cierre comienza con una nueva etapa: la de convivencia entre\ncooperativistas, de compromiso con nosotros y tambi\u00e9n con el movimiento\ncooperativo\u201d<\/em>, expresaron. <\/p>\n\n\n\n<p>Adem\u00e1s agradecieron a todos quienes durante estos 8 a\u00f1os acompa\u00f1aron el\ncamino recorrido, especialmente a las cooperativas AFAF 3, Codefica, Nuestro\nSue\u00f1o, Puerto Fabini, Cubo del Sur, Covibel, Complejo Bulevar, Viraz\u00f3n;\nAlondra, Andamios, Coviafutu, CoviTV1, Puebla, 31 de Agosto, CoviMAM, as\u00ed como\na todos los vecinos que brindaron apoyo y paciencia durante todo el proceso de\nconstrucci\u00f3n. Destacaron adem\u00e1s el aporte de FECOVI para la realizaci\u00f3n del evento\ny en brindar siempre un espacio \u201cdonde construir cooperativismo\u201d, as\u00ed como del\nMVOTMA y a la ANV por darles la oportunidad de acceso a la vivienda y por el\napoyo constante en la b\u00fasqueda de soluciones a diferentes problem\u00e1ticas\nplanteadas durante el proceso. Adem\u00e1s destacaron el aporte del Instituto de Asistencia\nT\u00e9cnica ECO, por haber dise\u00f1ado el proyecto. Finalmente agradecieron a todos los\ncompa\u00f1eros que formaron y forman Del Nav\u00edo, \u201cquienes han hecho posible este\nsue\u00f1o\u201d, y a todas las familias por el apoyo de estos a\u00f1os. &nbsp;<\/p>\n\n\n\n<p>Conformada por 28 unidades (12 de 2 dormitorios y 16 de 3), la cooperativa\nDel Nav\u00edo fue conformada en un principio por los hijos de la Cooperativa AFAF 3\n(Complejo Bulevar). Durante su proceso de formaci\u00f3n, sol\u00edan reunirse en el bar \u201cDel\nNav\u00edo\u201d, ubicado debajo de la vieja sede de FECOVI (en 18 de Julio y R\u00edo Branco),\nque diera nombre a la cooperativa. <\/p>\n\n\n\n<p>Desde el MVOTMA, el Director Nacional de Vivienda, Salvador Schelotto\nexpres\u00f3 el compromiso con el cooperativismo de vivienda por parte del Ministerio,\ny destac\u00f3 las prioridades del gobierno en cuanto al desarrollo del sistema\ncooperativo de Vivienda, que <em>\u201cno\nsolamente se expresa en documentos y en discursos sino en los recursos que\nefectivamente se asignan para que esto siga creciendo y se siga incrementando\nel n\u00famero de cooperativas y el n\u00famero de viviendas que se resuelven con\nalt\u00edsima calidad a trav\u00e9s de un sistema autogestionado, de organizaci\u00f3n colectiva\ny de una enorme cooperaci\u00f3n social\u201d<\/em>. Y agreg\u00f3 que <em>\u201cesta es una prioridad en t\u00e9rminos presupuestales, pero tambi\u00e9n en\nt\u00e9rminos conceptuales, es una prioridad pol\u00edtica. Est\u00e1 bueno pensar c\u00f3mo sigue\nesta historia, es decir, c\u00f3mo sigue creciendo este apoyo y como de alguna\nmanera m\u00e1s familias uruguayas puedan en el futuro seguir incorpor\u00e1ndose y\nseguir accediendo a una vivienda digna a trav\u00e9s de un sistema de tan alta\ncalidad como el sistema cooperativo y con tan significativos resultados\nsociales\u201d<\/em>. <\/p>\n\n\n\n<p>Schelotto asegur\u00f3 que los mejores productos del sistema p\u00fablico de\nvivienda normalmente pasan a trav\u00e9s de este sistema, y por esa raz\u00f3n van a\nseguir apoyando desde donde est\u00e9n para que siga creciendo y siga dando a los uruguayos\nun motivo de orgullo. <\/p>\n\n\n\n<p>Por su\nparte, el presidente de FECOVI, Ricardo Pisciottano expres\u00f3 la importancia de\nfestejar la convivencia de una cooperativa muy especial, y un nuevo ejemplo de\nque el sistema cooperativo sigue triunfando: <em>\u201cle ha pasado por arriba a la dictadura, le ha pasado por arriba al\npropio sistema, porque hoy hay j\u00f3venes que se siguen subiendo a esto de jugar\nen colectivo en contra de jugar a lo individual, que no es f\u00e1cil\u201d. <\/em><\/p>\n\n\n\n<p>Adem\u00e1s destac\u00f3 que una cooperativa es una empresa que es muy trabajosa, <em>\u201cson millones de d\u00f3lares gestionados por un grupo de cooperativistas que no son especialistas en nada\u201d. <\/em>Adem\u00e1s resalt\u00f3 la importancia de la conjunci\u00f3n fundamental entre lo p\u00fablico y lo cooperativo, el esfuerzo de los compa\u00f1eros que<em> \u201csupieron pasarles por arriba a todas las dificultades: al poco presupuesto, al gran esfuerzo, a los problemas internos que no son f\u00e1ciles, y a las diferencias que tenemos con el estado\u201d<\/em>. <\/p>\n\n\n\n<p>Pisciottano\nhizo propicia la ocasi\u00f3n para mencionar las reivindicaciones que desde la\nfederaci\u00f3n se reclaman: el 2% del inter\u00e9s al pr\u00e9stamo, la exoneraci\u00f3n del IVA a\nlos materiales de construcci\u00f3n y la necesidad de tierras para construir. <em>\u201cYo creo que vamos a llegar a un acuerdo,\nconf\u00edo que en poco tiempo cumplan con lo prometido\u201d,<\/em> expres\u00f3. <\/p>\n\n\n\n<p>Para finalizar felicit\u00f3 a los cooperativistas por vencer todas las dificultades\ny obtener estos resultados. <em>\u201cOjal\u00e1 todos\nlos uruguayos puedan vivir con viviendas como \u00e9stas. Yo creo que ser\u00eda un\nUruguay mucho m\u00e1s justo y mucho m\u00e1s solidario\u201d,<\/em> cerr\u00f3. <\/p>\n\n\n\n<p>Una\nvez finalizada la parte oratoria, desde el MVOTMA y la Agencia de Vivienda se\nhizo entrega de una placa a la cooperativa, y se continu\u00f3 con la grilla de\nespect\u00e1culos organizados, que cont\u00f3 con la participaci\u00f3n de las bandas\nmusicales Los Ruffers y La Teja Pride, la cuerda de tambores del barrio del\nClub Paydand\u00fa, adem\u00e1s de entretenimientos para los ni\u00f1os. <\/p>\n\n\n\n<p>Durante la fiesta, que comenz\u00f3 a las 17.00 y finaliz\u00f3 pasadas las 21.00 horas, se brind\u00f3 servicio de cantina, a cargo de las cooperativas Del Nav\u00edo y Puebla (que se encuentra pegada a Del Nav\u00edo y que atraviesa las \u00faltimas etapas de construcci\u00f3n).<\/p>\n\n\n\n<iframe loading=\"lazy\" width=\"640\" height=\"388\" src=\"https:\/\/www.youtube.com\/embed\/c1rhcEDCuDA\" frameborder=\"0\" allow=\"accelerometer; autoplay; encrypted-media; gyroscope; picture-in-picture\" allowfullscreen><\/iframe>\n\n\n\n<p>Compartimos fotos del evento a continuaci\u00f3n.<\/p>\n\n\n\n<a data-flickr-embed=\"true\" href=\"https:\/\/www.flickr.com\/photos\/157869824@N05\/albums\/72157701781961312\" title=\"Inauguraci\u00f3n Cooperativa Del Nav\u00edo\"><img loading=\"lazy\" decoding=\"async\" src=\"https:\/\/farm8.staticflickr.com\/7881\/46437924292_e49c25e010_z.jpg\" alt=\"Inauguraci\u00f3n Cooperativa Del Nav\u00edo\" width=\"640\" height=\"424\"><\/a><script async=\"\" src=\"\/\/embedr.flickr.com\/assets\/client-code.js\" charset=\"utf-8\"><\/script>\n","protected":false},"excerpt":{"rendered":"<p>A un a\u00f1o de su habilitaci\u00f3n, el s\u00e1bado 15 de diciembre inaugur\u00f3 oficialmente la cooperativa Del Nav\u00edo, ubicada en la calle Mart\u00edn Fierro 2597 del barrio La Blanqueada, con una &#8230;<\/p>\n","protected":false},"author":1,"featured_media":3030,"comment_status":"closed","ping_status":"closed","sticky":false,"template":"","format":"standard","meta":{"footnotes":""},"categories":[2],"tags":[],"class_list":["post-3028","post","type-post","status-publish","format-standard","has-post-thumbnail","hentry","category-noticias"],"_links":{"self":[{"href":"https:\/\/fecovi.coop\/web\/wp-json\/wp\/v2\/posts\/3028","targetHints":{"allow":["GET"]}}],"collection":[{"href":"https:\/\/fecovi.coop\/web\/wp-json\/wp\/v2\/posts"}],"about":[{"href":"https:\/\/fecovi.coop\/web\/wp-json\/wp\/v2\/types\/post"}],"author":[{"embeddable":true,"href":"https:\/\/fecovi.coop\/web\/wp-json\/wp\/v2\/users\/1"}],"replies":[{"embeddable":true,"href":"https:\/\/fecovi.coop\/web\/wp-json\/wp\/v2\/comments?post=3028"}],"version-history":[{"count":6,"href":"https:\/\/fecovi.coop\/web\/wp-json\/wp\/v2\/posts\/3028\/revisions"}],"predecessor-version":[{"id":3074,"href":"https:\/\/fecovi.coop\/web\/wp-json\/wp\/v2\/posts\/3028\/revisions\/3074"}],"wp:featuredmedia":[{"embeddable":true,"href":"https:\/\/fecovi.coop\/web\/wp-json\/wp\/v2\/media\/3030"}],"wp:attachment":[{"href":"https:\/\/fecovi.coop\/web\/wp-json\/wp\/v2\/media?parent=3028"}],"wp:term":[{"taxonomy":"category","embeddable":true,"href":"https:\/\/fecovi.coop\/web\/wp-json\/wp\/v2\/categories?post=3028"},{"taxonomy":"post_tag","embeddable":true,"href":"https:\/\/fecovi.coop\/web\/wp-json\/wp\/v2\/tags?post=3028"}],"curies":[{"name":"wp","href":"https:\/\/api.w.org\/{rel}","templated":true}]}}