{"id":3014,"date":"2018-12-18T23:07:15","date_gmt":"2018-12-18T23:07:15","guid":{"rendered":"https:\/\/fecovi.coop\/web\/?p=3014"},"modified":"2021-02-11T17:21:17","modified_gmt":"2021-02-11T17:21:17","slug":"50-anos-de-la-ley-de-vivienda-mesa-de-actores-en-paysandu","status":"publish","type":"post","link":"https:\/\/fecovi.coop\/web\/50-anos-de-la-ley-de-vivienda-mesa-de-actores-en-paysandu\/","title":{"rendered":"50 a\u00f1os de la Ley de Vivienda: Mesa de actores en Paysand\u00fa"},"content":{"rendered":"\n<p>El mi\u00e9rcoles 12 de diciembre se realiz\u00f3 en el Centro Universitario de Paysand\u00fa (CUP) Cenur Litoral Norte, un encuentro organizado desde FECOVI con motivo de festejar los 50 a\u00f1os de la ley de Vivienda en ese departamento. <\/p>\n\n\n\n<p>La actividad reuni\u00f3 en una mesa a actores claves del sistema cooperativo, contando con la presencia del Intendente Dr. Guillermo Caraballo, el asesor de la Direcci\u00f3n Nacional de Vivienda (DINAVI\/MVOTMA) Arq. Ra\u00fal Valles, el dirigente nacional de FUCVAM William Guerrero, y de integrantes del Consejo Directivo de nuestra Federaci\u00f3n que viajaron a Paysand\u00fa con la intenci\u00f3n de celebrar este acontecimiento tan importante fuera de Montevideo, en una ciudad que sin dudas tienen una historia muy larga de cooperativismo. <\/p>\n\n\n\n<p>Acompa\u00f1aron adem\u00e1s, integrantes de cooperativas de viviendas del departamento, cooperativistas de distintas Federaciones, miembros de institutos asesores; y se leyeron mensajes enviados desde la Direcci\u00f3n Nacional de Vivienda (MVOTMA) por parte del Arq. Salvador Schelotto y del Decano de la Facultad de Arquitectura Arq. Marcelo Danza, quienes no pudieron concurrir. &nbsp;<\/p>\n\n\n\n<p>Desde el Centro Universitario, el anfitri\u00f3n L\u00edber Acosta dio apertura al evento dando la bienvenida a todos los presentes en nombre del CUP, y destacando lo positivo de poder compartir este tipo de encuentros con otras instituciones y trabajar de forma articulada. <em>\u201cPienso en vivienda, pienso en educaci\u00f3n, pienso en mi instituci\u00f3n y digo: qu\u00e9 importante que nuestras actividades de ense\u00f1anza, investigaci\u00f3n y extensi\u00f3n puedan darse junto con ustedes (\u2026) Ojal\u00e1 podamos mantener un v\u00ednculo muy estrecho con ustedes y con el resto de las instituciones que brindan derechos a la poblaci\u00f3n\u201d<\/em>, expres\u00f3. <\/p>\n\n\n\n<p>Dando inicio a la parte oratoria de la actividad, el dirigente local de FUCVAM, William Guerrero salud\u00f3 especialmente la presencia en el evento del Arq. Juan Carlos Si\u00e1saro, referente del cooperativismo enPaysand\u00fa y protagonista de la etapa fermental de implementaci\u00f3n del cooperativismo en los primeros a\u00f1os posteriores a la aprobaci\u00f3n de la ley. &nbsp;<\/p>\n\n\n\n<p>En su exposici\u00f3n Guerrero destac\u00f3 la importancia y el desaf\u00edo que implica para FUCVAM la experiencia de construcci\u00f3n en altura en el interior del pa\u00eds. Expres\u00f3 que actualmente muchos compa\u00f1eros est\u00e1n acumulando experiencia en diferentes \u00e1reas de trabajo y capacit\u00e1ndose en la Escuela de Formaci\u00f3n para poder asumir la responsabilidad de construcci\u00f3n de cooperativas de vivienda en altura. <\/p>\n\n\n\n<p>A su tiempo, Ra\u00fal Vall\u00e9s, asesor de la DINAVI, record\u00f3 la promulgaci\u00f3n de la ley del 17 de diciembre de 1968. <em>\u201cCon la ley de vivienda culmin\u00f3 un per\u00edodo muy importante de reflexi\u00f3n, en un momento en que el Uruguay como sociedad se reuni\u00f3 a pensar en un pa\u00eds hacia el futuro, como fue la Comisi\u00f3n Econ\u00f3mica en el a\u00f1o 65 de la cual la ley de vivienda, a trav\u00e9s de Juan Pablo Terra, fue uno de sus productos m\u00e1s brillantes, m\u00e1s relevantes y conocidos a nivel mundial por las innovaciones que impuso en ese momento\u201d<\/em>, reflexion\u00f3. <\/p>\n\n\n\n<p>En su discurso, Vall\u00e9s se detuvo puntualmente en el desarrollo del Cap\u00edtulo 10 de la Ley, que alude al cooperativismo de vivienda y que introduce innovaciones junto con el cooperativismo. <em>\u201cEs una historia que hay que rescatar porque hace a las iniciativas y alas innovaciones que eran necesarias en ese momento. Hablamos de un sistema cooperativo que tiene tantos componentes que se articulan entre s\u00ed para poder funcionar, que es lo que lo hace rico y potente. El sistema cooperativo es una combinaci\u00f3n virtuosa entre la gente organizada, la voluntad de trabajar en colectivo, el apoyo del Estado a trav\u00e9s del financiamiento y el acceso al suelo, el trabajo de los t\u00e9cnicos a trav\u00e9s de los IATS, el trabajo de los gobiernos departamentales en lo que son las gestiones, el trabajo con el suelo, etc., que son los que dan el contexto para que esos colectivos vayan adelante con sus proyectos de habitar y de gestionar en forma colectiva<\/em>\u201d, indic\u00f3. Y agreg\u00f3: <em>\u201cProyectos que en su momento fueron pioneros a nivel&nbsp; mundial en el a\u00f1o 69-70, de vanguardia tambi\u00e9n en lo que hizo a grandes proyectos de arquitectura, tanto en Montevideo como en interior\u201d.<\/em> <\/p>\n\n\n\n<p>Vall\u00e9s hizo alusi\u00f3n adem\u00e1s a algunas otras cuestiones que plantea la ley a partir del Cap\u00edtulo 10, como es el <strong>r\u00e9gimen de usuarios<\/strong>: un modo de propiedad colectiva que introdujo en la ley una novedad totalmente <em>sui generis&nbsp;<\/em>muy dif\u00edciles de repetir para otros contextos. <em>\u201cCuando quieren replicar en otros pa\u00edses el sistema cooperativo se encuentran con algunas cuestiones que no pueden resolver f\u00e1cilmente, una es justamente la propiedad colectiva, y esa es una de las caracter\u00edsticas que leda su fuerza, y es una de las alternativas que permiti\u00f3 tambi\u00e9n en ese momento la ley\u201d<\/em>, explic\u00f3. Tambi\u00e9n plante\u00f3 el tema del asesoramiento t\u00e9cnico, <em>\u201cporque el legislador se dio cuenta que un sistema complejo o de alta complejidad como el sistema cooperativo necesitaba de un equipo t\u00e9cnico que abordara diferentes temas y diferentes dimensiones para apoyar el sistema. No alcanzaba simplemente con un proyecto arquitect\u00f3nico, se necesitaba un proyecto social, se necesitaba el apoyo econ\u00f3mico, el apoyo legal, de manera de que esa visi\u00f3n del legislador en el a\u00f1o 68, que hoy todav\u00eda sigue siendo de vanguardia, es una de las caracter\u00edsticas que tambi\u00e9n forma parte del sistema\u201d.<\/em> <\/p>\n\n\n\n<p>Para finalizar, el asesor de la DINAVI recalc\u00f3 que <em>\u201cest\u00e1 bueno recordar y mencionar la potencia del sistema (\u2026) Creo que todos sentimos que hay necesidad de renovarse y generar un espacio de reflexi\u00f3n colectivo y potente que asegure que de alguna manera los pr\u00f3ximos 50 a\u00f1os y los otros que vendr\u00e1n tengan en el sistema cooperativo un esfuerzo&nbsp; renovado. Para eso es importante que de alguna forma pensemos en el futuro, podamos reunirnos&nbsp; entre todos y pensar con audacias cosas nuevas, con convicci\u00f3n, imaginaci\u00f3n para poder pensar diferentes modalidades y cosas que nos den el espacio para seguir adelante. Tambi\u00e9n es fundamental que la academia acompa\u00f1e todo este movimiento con investigaci\u00f3n, extensi\u00f3n,ense\u00f1anza a los que vengan para acompa\u00f1ar los nuevos desaf\u00edos\u201d. <\/em><\/p>\n\n\n\n<p>Para cerrar, Vall\u00e9s felicit\u00f3 a los \u201cprotagonistas\u201d: los cooperativistas,las cooperativas y los vecinos de las cooperativas <em>\u201cque son las que han tra\u00eddo esto hasta ac\u00e1 en estos 50 a\u00f1os y son los que lo van a llevar 50 a\u00f1os m\u00e1s para adelante<\/em>\u201d. <\/p>\n\n\n\n<p>En esta misma l\u00ednea de proyecci\u00f3n hacia el futuro, desde FECOVI, el Secretario General Alberto Est\u00e9ves plante\u00f3 los desaf\u00edos que tiene FECOVI como Federaci\u00f3n de aqu\u00ed a 50 a\u00f1os para adelante. <em>\u201cSe viene discutiendo una ley madre de 50 a\u00f1os, pero hay que ir haciendo una reforma para el futuro que indudablemente vendr\u00e1, porque el sistema cooperativo est\u00e1 consolidado como sistema, pero para eso hay que darle las herramientas\u201d<\/em>, expres\u00f3. <em>\u201cSiempre se pas\u00f3 trabajo. No es f\u00e1cil llegar a la vivienda \u201ccero kil\u00f3metro\u201d. Felizmente elegimos el sistema cooperativo, fuera del \u201cs\u00e1lvense quien pueda\u201d. Se cre\u00f3 una ley que es brillante porque cuando sale a otro pa\u00eds es dif\u00edcil que el usuario lo entienda. Somos el \u00fanico pa\u00eds de Am\u00e9rica que tiene una ley de vivienda, eso ha llevado todo el desarrollo de la vivienda social de manera importante. No damos abasto, sin embargo la vivienda sigue siendo un problema. Pero siempre vemos gente que frente al desaf\u00edo lo afronta, inclusive frente a las dificultades. Sobre todo en el interior, que haya gente que se anime a emprender el desaf\u00edo del cooperativismo y la autogesti\u00f3n, la verdad que es maravilloso y los felicito. Lentamente el sistema en Paysand\u00fa va marchando\u201d<\/em>,culmin\u00f3.<\/p>\n\n\n\n<p>Por su parte, el Presidente de la Federaci\u00f3n, Ricardo Pisciottano,destac\u00f3 que hace 50 a\u00f1os se vot\u00f3 una <em>ley \u201cque nos tiene que dar un gran impulso de que si hacemos las cosas bien podemos consensuar entre todos e ir para adelante\u201d<\/em>. Destac\u00f3 que se trata de una ley de vivienda y no de cooperativas, pero que fueron las cooperativas las que la aprovecharon m\u00e1s y por eso el festejo. <\/p>\n\n\n\n<p><em>\u201cEn esa ley fabulosa se puso el tema de \u201cusuarios\u201d<\/em>. <em>Algo que est\u00e1 a contrapelo hoy en el mundo: jugar a lo colectivo en vez de jugar a lo individual\u201d<\/em>,destac\u00f3. Y agreg\u00f3, <em>\u201cEn una cooperativa, cuando hay un problema afuera de mi casa, no es un problema de mi casa, es un problema de todos, entonces lo solucionamos en equipo. Hoy se ven cooperativas de usuarios en todas las ciudades del interior, se ven esas diferencias porque la gesti\u00f3n es otra y porque logramos dos cosas diferentes: logramos con el mismo dinero construir cosas mucho mejores y adem\u00e1s la conservaci\u00f3n y el modo de vivir luego es mucho mejor tambi\u00e9n porque tenemos que gestionarlo entre todos<\/em>.<em>Esas son dos grandes diferencias y el movimiento cooperativo lo aprovech\u00f3 muy bien\u201d.<\/em> <\/p>\n\n\n\n<p>Y adem\u00e1s explic\u00f3 que <em>\u201clas Federaciones estamos sentados ac\u00e1 gracias a esta ley porque en aquel momento no exist\u00edamos: as\u00ed es como la gente se uni\u00f3 en una cooperativa y entre todas las cooperativas crearon las Federaciones que han logrado fortalecer el sistema<\/em>.<em>Han logrado que hoy los compa\u00f1eros puedan construir en el terreno de Paylana. Esos compa\u00f1eros tienen el apoyo de FECOVI y de FUCVAM\u201d. &nbsp;<\/em><\/p>\n\n\n\n<p>El cierre de la jornada estuvo a cargo del Intendente Departamental que resalt\u00f3 que los gobiernos departamentales son clave en el dise\u00f1o y en la ejecuci\u00f3n de las pol\u00edticas para el v\u00ednculo con la planificaci\u00f3n territorial urbana y por la cercan\u00eda con las comunidades. \u201c<em>La ley de vivienda fue anticipatoria en muchos aspectos, uno de los fundamentales es el Art\u00edculo 10 que constituye el cooperativismo de vivienda en sus diferentes modalidades, y dentro de ese sistema tiene mucha fuerza el cooperativismo de usuarios como una forma innovadora casi revolucionaria de acceso y permanencia a la vivienda, y tiene una eficacia desde el punto de vista de la construcci\u00f3n de solidaridad y convivencia que se ha destacado en el mundo y en Am\u00e9rica Latina\u201d<\/em>, expres\u00f3. Y agreg\u00f3, <em>\u201cPaysand\u00fa es un departamento que tempranamente adopt\u00f3 esta modalidad. El Barrio Cooperativo de Paysand\u00fa es un ejemplo y las experiencias que hoy estamos haciendo son continuidad y proyecci\u00f3n en la escala ampliada de esas primeras y pioneras experiencias 50 a\u00f1os atr\u00e1s, que hoy con recursos asignados y con una pol\u00edtica de gobierno nacional y departamental acordadamente ha sostenido y aseguran continuidad hacia el futuro\u201d. &nbsp;<\/em><\/p>\n\n\n\n<p>El Intendente explic\u00f3 que dentro del presupuesto de la Intendencia estaba previsto implementar una cartera de tierras que posibilite a los ciudadanos sanduceros el acceso a la tierra, y de esta forma permitir la instrumentaci\u00f3n de los diversos programas de vivienda impulsados por el gobierno nacional. <\/p>\n\n\n\n<p><em>\u201cApareci\u00f3 una oportunidad, que fue la adquisici\u00f3n de la planta ex Paylana para transformarla en un proyecto de desarrollo. No es solo de vivienda, es m\u00e1s amplio. Estamos en una etapa de plena ejecuci\u00f3n. (\u2026) Cuando aparece este tipo de oportunidades me parece que es central poder visualizarla y tener trabajo profesional, equipo para trabajar estas ideas y comenzar a concretar. Surgi\u00f3 la oportunidad de adquirir la ex Paylana (4 manzanas), y armamos un equipo, le planteamos al gobierno nacional la posibilidad de acordar y de transformar ese espacio en un proyecto con m\u00faltiples prop\u00f3sitos: llamado a cooperativas, y tambi\u00e9n va a haber prestaciones de salud, educaci\u00f3n, atenci\u00f3n a ni\u00f1os, torre para pasivos del BPS, se va a construir un polit\u00e9cnico (en el predio de enfrente). Esa zona va a irradiar una cantidad de efectos positivos para la gente que viva y para la gente del entorno\u201d, <\/em>cont\u00f3.<\/p>\n\n\n\n<p><em>\u201cNo estaba previsto esto pero lo tornamos en una propuesta favorable. Hoy el proyecto est\u00e1 en curso. En el 2019 se van a empezar a ver las construcciones. El esfuerzo de di\u00e1logo que hemos tenido este a\u00f1o con el gobierno nacional para concretar ha sido gigante. Ahora resta ejecutar\u201d<\/em>, cerr\u00f3. &nbsp;<\/p>\n\n\n\n<p>La actividad, que fue trasmitida en vivo por La Otra FM y Efusiva TV, concluy\u00f3 con un brindis de fin de a\u00f1o. <\/p>\n\n\n\n<p>En la ma\u00f1ana del jueves, los directivos de FECOVI visitaron varios medios informativos locales, brindando entrevistas para el matinal de Canal 4, CW 35 Radio Paysand\u00fa y Telerotativo,Canal 3 y diario local.<\/p>\n\n\n\n<p>Ver Nota publicada en Diario \u00abEl Tel\u00e9grafo\u00bb (Paysand\u00fa)<\/p>\n\n\n\n<figure class=\"wp-block-image\"><img loading=\"lazy\" decoding=\"async\" width=\"761\" height=\"1024\" src=\"https:\/\/fecovi.coop\/web\/wp-content\/uploads\/2018\/12\/El_telegrafo-761x1024.jpg\" alt=\"\" class=\"wp-image-3021\" srcset=\"https:\/\/fecovi.coop\/web\/wp-content\/uploads\/2018\/12\/El_telegrafo-761x1024.jpg 761w, https:\/\/fecovi.coop\/web\/wp-content\/uploads\/2018\/12\/El_telegrafo-223x300.jpg 223w, https:\/\/fecovi.coop\/web\/wp-content\/uploads\/2018\/12\/El_telegrafo-768x1033.jpg 768w\" sizes=\"auto, (max-width: 761px) 100vw, 761px\" \/><\/figure>\n\n\n\n<p>Ver galer\u00eda de fotos del evento<\/p>\n\n\n\n<p><a data-flickr-embed=\"true\" href=\"https:\/\/www.flickr.com\/photos\/157869824@N05\/albums\/72157674650564097\" title=\"Paysand\u00fa - 50 a\u00f1os LV - Diciembre 2018\"><img loading=\"lazy\" decoding=\"async\" src=\"https:\/\/farm5.staticflickr.com\/4849\/31434210947_722de1aa47_z.jpg\" width=\"640\" height=\"408\" alt=\"Paysand\u00fa - 50 a\u00f1os LV - Diciembre 2018\"><\/a><script async=\"\" src=\"\/\/embedr.flickr.com\/assets\/client-code.js\" charset=\"utf-8\"><\/script><\/p>\n","protected":false},"excerpt":{"rendered":"<p>El mi\u00e9rcoles 12 de diciembre se realiz\u00f3 en el Centro Universitario de Paysand\u00fa (CUP) Cenur Litoral Norte, un encuentro organizado desde FECOVI con motivo de festejar los 50 a\u00f1os de &#8230;<\/p>\n","protected":false},"author":1,"featured_media":3015,"comment_status":"closed","ping_status":"closed","sticky":false,"template":"","format":"standard","meta":{"footnotes":""},"categories":[2],"tags":[],"class_list":["post-3014","post","type-post","status-publish","format-standard","has-post-thumbnail","hentry","category-noticias"],"_links":{"self":[{"href":"https:\/\/fecovi.coop\/web\/wp-json\/wp\/v2\/posts\/3014","targetHints":{"allow":["GET"]}}],"collection":[{"href":"https:\/\/fecovi.coop\/web\/wp-json\/wp\/v2\/posts"}],"about":[{"href":"https:\/\/fecovi.coop\/web\/wp-json\/wp\/v2\/types\/post"}],"author":[{"embeddable":true,"href":"https:\/\/fecovi.coop\/web\/wp-json\/wp\/v2\/users\/1"}],"replies":[{"embeddable":true,"href":"https:\/\/fecovi.coop\/web\/wp-json\/wp\/v2\/comments?post=3014"}],"version-history":[{"count":4,"href":"https:\/\/fecovi.coop\/web\/wp-json\/wp\/v2\/posts\/3014\/revisions"}],"predecessor-version":[{"id":3023,"href":"https:\/\/fecovi.coop\/web\/wp-json\/wp\/v2\/posts\/3014\/revisions\/3023"}],"wp:featuredmedia":[{"embeddable":true,"href":"https:\/\/fecovi.coop\/web\/wp-json\/wp\/v2\/media\/3015"}],"wp:attachment":[{"href":"https:\/\/fecovi.coop\/web\/wp-json\/wp\/v2\/media?parent=3014"}],"wp:term":[{"taxonomy":"category","embeddable":true,"href":"https:\/\/fecovi.coop\/web\/wp-json\/wp\/v2\/categories?post=3014"},{"taxonomy":"post_tag","embeddable":true,"href":"https:\/\/fecovi.coop\/web\/wp-json\/wp\/v2\/tags?post=3014"}],"curies":[{"name":"wp","href":"https:\/\/api.w.org\/{rel}","templated":true}]}}