{"id":2989,"date":"2018-11-23T12:46:57","date_gmt":"2018-11-23T12:46:57","guid":{"rendered":"https:\/\/fecovi.coop\/web\/?p=2989"},"modified":"2018-11-26T18:45:19","modified_gmt":"2018-11-26T18:45:19","slug":"inaguracion","status":"publish","type":"post","link":"https:\/\/fecovi.coop\/web\/inaguracion\/","title":{"rendered":"Inauguraci\u00f3n suspendida"},"content":{"rendered":"<p>Informamos que la celebraci\u00f3n de la inauguraci\u00f3n de la Cooperativa Gardeliana Sur, prevista de ser realizada el s\u00e1bado 1\u00b0 de diciembre, ha sido suspendida hasta nuevo aviso.\u00a0Muchas gracias.<\/p>\n<p><img loading=\"lazy\" decoding=\"async\" class=\"wp-image-2988 size-full alignnone\" src=\"https:\/\/fecovi.coop\/web\/wp-content\/uploads\/2018\/11\/Gardeliana_Suspendida.gif\" alt=\"\" width=\"800\" height=\"596\" \/><\/p>\n<p>&nbsp;<\/p>\n","protected":false},"excerpt":{"rendered":"<p>Informamos que la celebraci\u00f3n de la inauguraci\u00f3n de la Cooperativa Gardeliana Sur, prevista de ser realizada el s\u00e1bado 1\u00b0 de diciembre, ha sido suspendida hasta nuevo aviso.\u00a0Muchas gracias. &nbsp;<\/p>\n","protected":false},"author":1,"featured_media":2988,"comment_status":"closed","ping_status":"closed","sticky":false,"template":"","format":"standard","meta":{"footnotes":""},"categories":[2],"tags":[],"class_list":["post-2989","post","type-post","status-publish","format-standard","has-post-thumbnail","hentry","category-noticias"],"_links":{"self":[{"href":"https:\/\/fecovi.coop\/web\/wp-json\/wp\/v2\/posts\/2989","targetHints":{"allow":["GET"]}}],"collection":[{"href":"https:\/\/fecovi.coop\/web\/wp-json\/wp\/v2\/posts"}],"about":[{"href":"https:\/\/fecovi.coop\/web\/wp-json\/wp\/v2\/types\/post"}],"author":[{"embeddable":true,"href":"https:\/\/fecovi.coop\/web\/wp-json\/wp\/v2\/users\/1"}],"replies":[{"embeddable":true,"href":"https:\/\/fecovi.coop\/web\/wp-json\/wp\/v2\/comments?post=2989"}],"version-history":[{"count":5,"href":"https:\/\/fecovi.coop\/web\/wp-json\/wp\/v2\/posts\/2989\/revisions"}],"predecessor-version":[{"id":2994,"href":"https:\/\/fecovi.coop\/web\/wp-json\/wp\/v2\/posts\/2989\/revisions\/2994"}],"wp:featuredmedia":[{"embeddable":true,"href":"https:\/\/fecovi.coop\/web\/wp-json\/wp\/v2\/media\/2988"}],"wp:attachment":[{"href":"https:\/\/fecovi.coop\/web\/wp-json\/wp\/v2\/media?parent=2989"}],"wp:term":[{"taxonomy":"category","embeddable":true,"href":"https:\/\/fecovi.coop\/web\/wp-json\/wp\/v2\/categories?post=2989"},{"taxonomy":"post_tag","embeddable":true,"href":"https:\/\/fecovi.coop\/web\/wp-json\/wp\/v2\/tags?post=2989"}],"curies":[{"name":"wp","href":"https:\/\/api.w.org\/{rel}","templated":true}]}}