{"id":2973,"date":"2018-11-09T09:58:12","date_gmt":"2018-11-09T09:58:12","guid":{"rendered":"https:\/\/fecovi.coop\/web\/?p=2973"},"modified":"2018-11-09T15:59:05","modified_gmt":"2018-11-09T15:59:05","slug":"coviappay-terreno-y-prestamo-adjudicado","status":"publish","type":"post","link":"https:\/\/fecovi.coop\/web\/coviappay-terreno-y-prestamo-adjudicado\/","title":{"rendered":"Coviappay: terreno y pr\u00e9stamo adjudicado"},"content":{"rendered":"<p>En mi\u00e9rcoles 7 de noviembre, en presencia de los dirigentes de nuestra Federaci\u00f3n, Ricardo Pisciottano y Alex De Alava, y del coordinador general Alejandro Domostoj, la Intendencia de Paysand\u00fa entreg\u00f3 -en acto p\u00fablico en el propio predio de la Ex Paylana- ocho terrenos y tres pr\u00e9stamos directos. El acto fue encabezado por el Intendente Guillermo Caraballo, miembros de la comisi\u00f3n adjudicataria, del MVOTMA local, integrantes de las Federaciones, de todas las cooperativas y familiares. Fue notoria la presencia de los compa\u00f1eros de Coviappay de 34 familias.<\/p>\n<p>En el acto cada uno de los intervinientes destac\u00f3 la decisi\u00f3n de la Intendencia de hacer part\u00edcipes a las cooperativas del proyecto integral dise\u00f1ado para el predio.<\/p>\n<p>Ricardo Pisciottano, tras saludar evento, se\u00f1al\u00f3 la importancia del proyecto y que las cooperativas fueran parte del proyecto y que <em>\u201cel intendente se la haya jugado\u201d <\/em>por las cooperativas, en sitio emblem\u00e1tico.<\/p>\n<p>En cumplimiento del acuerdo firmado con FECOVI y las otras organizaciones, particularmente en relaci\u00f3n a la asignaci\u00f3n de un pr\u00e9stamo en forma directa a una cooperativa por Federaci\u00f3n; Coviappay construir\u00e1 en el lote C.1.2 sobre Meriggi y Batlle Berres, contiguo a la construcci\u00f3n fabril.<\/p>\n<p>Con gran emoci\u00f3n y alegr\u00eda recibieron la noticia las familias, acompa\u00f1ados de varios hijos, cuyo resultado conjunta su propio trabajo, el asesoramiento del IAT-CTP y el constante apoyo de la Federaci\u00f3n.<\/p>\n<p>Al dirigirse al terreno que pasar\u00e1 a la custodia de la cooperativa fue momento propicio para intercambiar informaci\u00f3n, en particular ver el trabajo sobre la constituci\u00f3n del ahorro previo y recibir las sugerencias y recomendaciones de los directivos nacionales. Los directivos expresaron que <em>\u201cest\u00e1n a las \u00f3rdenes\u201d.<\/em> All\u00ed tambi\u00e9n estuvo presente el Instituto Asesor.<\/p>\n<p>El presidente de la cooperativa, Marcelo Pagani, -en nombre del colectivo- agradeci\u00f3 los apoyos recibidos y remarc\u00f3 que para ellos era un paso importante y se deb\u00eda continuar la lucha, trabajando sostenidamente. En tal sentido, en pocas semanas, la cooperativa recibir\u00e1, por parte de la Federaci\u00f3n, un taller sobre <em>\u201cmodelos de gesti\u00f3n\u201d. <\/em><\/p>\n<p><em>\u201cEst\u00e1n pisando donde van a construir sus casas\u201d <\/em>cerr\u00f3 Pisciottano<em>.<\/em><\/p>\n<p>En lo inmediato \u00a0Coviappay coordinar\u00e1 con la IDP el pasaje del predio a su custodia, completar\u00e1 el primer ahorro (7,5 % previo a la escrituraci\u00f3n), continuar\u00e1 cohesion\u00e1ndose, definiendo la modalidad de gesti\u00f3n y esperando el consiguiente cronograma que llegue hasta la escrituraci\u00f3n del pr\u00e9stamo e inicio de las obras.<\/p>\n<p>Un grato momento para todos. La lucha, con organizaci\u00f3n, da sus frutos.<\/p>\n<p>Dar\u00edo Rodr\u00edguez \u2013 Paysand\u00fa.<\/p>\n<p><a title=\"Adjudicaci\u00f3n COVIAPPAY\" href=\"https:\/\/www.flickr.com\/photos\/157869824@N05\/albums\/72157703393525345\" data-flickr-embed=\"true\"><img loading=\"lazy\" decoding=\"async\" src=\"https:\/\/farm5.staticflickr.com\/4905\/45797402111_808fa3e33b.jpg\" alt=\"Adjudicaci\u00f3n COVIAPPAY\" width=\"500\" height=\"236\" \/><\/a><script async src=\"\/\/embedr.flickr.com\/assets\/client-code.js\" charset=\"utf-8\"><\/script><\/p>\n","protected":false},"excerpt":{"rendered":"<p>En mi\u00e9rcoles 7 de noviembre, en presencia de los dirigentes de nuestra Federaci\u00f3n, Ricardo Pisciottano y Alex De Alava, y del coordinador general Alejandro Domostoj, la Intendencia de Paysand\u00fa entreg\u00f3 &#8230;<\/p>\n","protected":false},"author":1,"featured_media":2976,"comment_status":"closed","ping_status":"closed","sticky":false,"template":"","format":"standard","meta":{"footnotes":""},"categories":[2],"tags":[],"class_list":["post-2973","post","type-post","status-publish","format-standard","has-post-thumbnail","hentry","category-noticias"],"_links":{"self":[{"href":"https:\/\/fecovi.coop\/web\/wp-json\/wp\/v2\/posts\/2973","targetHints":{"allow":["GET"]}}],"collection":[{"href":"https:\/\/fecovi.coop\/web\/wp-json\/wp\/v2\/posts"}],"about":[{"href":"https:\/\/fecovi.coop\/web\/wp-json\/wp\/v2\/types\/post"}],"author":[{"embeddable":true,"href":"https:\/\/fecovi.coop\/web\/wp-json\/wp\/v2\/users\/1"}],"replies":[{"embeddable":true,"href":"https:\/\/fecovi.coop\/web\/wp-json\/wp\/v2\/comments?post=2973"}],"version-history":[{"count":3,"href":"https:\/\/fecovi.coop\/web\/wp-json\/wp\/v2\/posts\/2973\/revisions"}],"predecessor-version":[{"id":2977,"href":"https:\/\/fecovi.coop\/web\/wp-json\/wp\/v2\/posts\/2973\/revisions\/2977"}],"wp:featuredmedia":[{"embeddable":true,"href":"https:\/\/fecovi.coop\/web\/wp-json\/wp\/v2\/media\/2976"}],"wp:attachment":[{"href":"https:\/\/fecovi.coop\/web\/wp-json\/wp\/v2\/media?parent=2973"}],"wp:term":[{"taxonomy":"category","embeddable":true,"href":"https:\/\/fecovi.coop\/web\/wp-json\/wp\/v2\/categories?post=2973"},{"taxonomy":"post_tag","embeddable":true,"href":"https:\/\/fecovi.coop\/web\/wp-json\/wp\/v2\/tags?post=2973"}],"curies":[{"name":"wp","href":"https:\/\/api.w.org\/{rel}","templated":true}]}}