{"id":2962,"date":"2018-11-01T20:11:57","date_gmt":"2018-11-01T20:11:57","guid":{"rendered":"https:\/\/fecovi.coop\/web\/?p=2962"},"modified":"2021-02-11T17:21:30","modified_gmt":"2021-02-11T17:21:30","slug":"movilizacion-del-31-de-octubre-fecovi-junto-a-fucvam-por-el-2","status":"publish","type":"post","link":"https:\/\/fecovi.coop\/web\/movilizacion-del-31-de-octubre-fecovi-junto-a-fucvam-por-el-2\/","title":{"rendered":"Movilizaci\u00f3n del 31 de octubre: FECOVI junto a FUCVAM por el 2%"},"content":{"rendered":"<p>En la jornada del mi\u00e9rcoles 31 de octubre, millares de cooperativistas se dieron cita en la Plaza Independencia frente a la Torre Ejecutiva, para hacer sentir la voz del movimiento cooperativo de vivienda que lucha por justos reclamos como la reglamentaci\u00f3n de la ley de subsidio, la exoneraci\u00f3n del IVA a las obras cooperativas y la unificaci\u00f3n de la tasa de inter\u00e9s en un 2%, tal como fue hist\u00f3ricamente hasta el a\u00f1o 2008.<\/p>\n<p>La jornada convocada por FUCVAM y a la que FECOVI adhiri\u00f3, cont\u00f3 con la participaci\u00f3n de cooperativistas de nuestra Federaci\u00f3n as\u00ed como tambi\u00e9n con varios integrantes del Consejo Directivo, a quienes se invit\u00f3 a tomar la palabra.<\/p>\n<p>El presidente de FECOVI Ricardo Pisciottano en nombre del Consejo Directivo, salud\u00f3 la movilizaci\u00f3n y afirm\u00f3 que lo que reclama el movimiento cooperativo no son d\u00e1divas, sino justos reclamos, como el subsidio para que la vivienda sea efectivamente un derecho de las familias y no una mercanc\u00eda que se comercia en el mercado; la exoneraci\u00f3n de IVA que ya tienen los capitales que hacen negocios lucrativos con la vivienda, y una tasa de inter\u00e9s justa para las viviendas sociales como lo son las de las cooperativas de usuarios.<\/p>\n<p>La presidente de FUCVAM Alicia Maneiro, salud\u00f3 la fuerte movilizaci\u00f3n alcanzada, destacando la participaci\u00f3n de todo el interior y el sacrificio que implica para las cooperativistas en obra que tuvieron que parar sus obras para movilizarse. Tambi\u00e9n mencion\u00f3 la participaci\u00f3n de las cooperativas hist\u00f3ricas, esas que pagan al 2% o incluso que ya dejaron de pagar, porque el movimiento cooperativo es uno solo y est\u00e1 todo junto por el 2%. Repas\u00f3 las instancias de di\u00e1logo que se tuvo con el gobierno, al tiempo que reclam\u00f3 a la fuerza pol\u00edtica de gobierno que no postergue las necesidades del sistema cooperativo de vivienda para un futuro, incluy\u00e9ndolas en un nuevo programa, sino que empiece a ejecutarlas ya mismo, \u00bfpor qu\u00e9 esperar?<\/p>\n<p><a title=\"Movilizaci\u00f3n 31.10.18\" href=\"https:\/\/www.flickr.com\/photos\/157869824@N05\/albums\/72157699832296242\" data-flickr-embed=\"true\"><img loading=\"lazy\" decoding=\"async\" src=\"https:\/\/farm2.staticflickr.com\/1948\/31797682358_cc6ff2ac64_z.jpg\" alt=\"Movilizaci\u00f3n 31.10.18\" width=\"640\" height=\"413\" \/><\/a><script async src=\"\/\/embedr.flickr.com\/assets\/client-code.js\" charset=\"utf-8\"><\/script><\/p>\n","protected":false},"excerpt":{"rendered":"<p>En la jornada del mi\u00e9rcoles 31 de octubre, millares de cooperativistas se dieron cita en la Plaza Independencia frente a la Torre Ejecutiva, para hacer sentir la voz del movimiento &#8230;<\/p>\n","protected":false},"author":1,"featured_media":2964,"comment_status":"closed","ping_status":"closed","sticky":false,"template":"","format":"standard","meta":{"footnotes":""},"categories":[2],"tags":[],"class_list":["post-2962","post","type-post","status-publish","format-standard","has-post-thumbnail","hentry","category-noticias"],"_links":{"self":[{"href":"https:\/\/fecovi.coop\/web\/wp-json\/wp\/v2\/posts\/2962","targetHints":{"allow":["GET"]}}],"collection":[{"href":"https:\/\/fecovi.coop\/web\/wp-json\/wp\/v2\/posts"}],"about":[{"href":"https:\/\/fecovi.coop\/web\/wp-json\/wp\/v2\/types\/post"}],"author":[{"embeddable":true,"href":"https:\/\/fecovi.coop\/web\/wp-json\/wp\/v2\/users\/1"}],"replies":[{"embeddable":true,"href":"https:\/\/fecovi.coop\/web\/wp-json\/wp\/v2\/comments?post=2962"}],"version-history":[{"count":1,"href":"https:\/\/fecovi.coop\/web\/wp-json\/wp\/v2\/posts\/2962\/revisions"}],"predecessor-version":[{"id":2963,"href":"https:\/\/fecovi.coop\/web\/wp-json\/wp\/v2\/posts\/2962\/revisions\/2963"}],"wp:featuredmedia":[{"embeddable":true,"href":"https:\/\/fecovi.coop\/web\/wp-json\/wp\/v2\/media\/2964"}],"wp:attachment":[{"href":"https:\/\/fecovi.coop\/web\/wp-json\/wp\/v2\/media?parent=2962"}],"wp:term":[{"taxonomy":"category","embeddable":true,"href":"https:\/\/fecovi.coop\/web\/wp-json\/wp\/v2\/categories?post=2962"},{"taxonomy":"post_tag","embeddable":true,"href":"https:\/\/fecovi.coop\/web\/wp-json\/wp\/v2\/tags?post=2962"}],"curies":[{"name":"wp","href":"https:\/\/api.w.org\/{rel}","templated":true}]}}