{"id":2959,"date":"2018-11-01T20:09:33","date_gmt":"2018-11-01T20:09:33","guid":{"rendered":"https:\/\/fecovi.coop\/web\/?p=2959"},"modified":"2018-11-01T20:09:38","modified_gmt":"2018-11-01T20:09:38","slug":"cooperativa-andamios-celebro-su-inauguracion","status":"publish","type":"post","link":"https:\/\/fecovi.coop\/web\/cooperativa-andamios-celebro-su-inauguracion\/","title":{"rendered":"Cooperativa Andamios celebr\u00f3 su inauguraci\u00f3n"},"content":{"rendered":"<p>El s\u00e1bado 27 de octubre celebramos junto a Cooperativa Andamios la inauguraci\u00f3n de su obra: una hermosa torre de 12 pisos ubicada exactamente detr\u00e1s del Complejo Bulevar, en la esquina de las calles Quijote y Lucas P\u00edriz. El edificio est\u00e1 conformado por 48 apartamentos: 30 de ellos de 2 dormitorios y 18 de 3, SUM, lavadero colectivo, un extenso espacio abierto, y una terraza que ofrece una vista panor\u00e1mica privilegiada.<\/p>\n<p>El festejo comenz\u00f3 a las 12.00 horas y cont\u00f3 con la participaci\u00f3n de diferentes grupos art\u00edsticos y entretenimientos para ni\u00f1os. Compa\u00f1eros de las cooperativas del barrio (en obra y habitadas) se acercaron para acompa\u00f1ar la fiesta y ofrecer diferentes propuestas gastron\u00f3micas.<\/p>\n<p>Integrantes del Consejo Directivo de FECOVI acompa\u00f1aron la celebraci\u00f3n, que cont\u00f3 adem\u00e1s con la presencia del Director Nacional de Vivienda,\u00a0Arq. Salvador Schelotto, que entreg\u00f3 a los cooperativistas una placa en reconocimiento al trabajo tenazmente sostenido por casi 20 a\u00f1os.<\/p>\n<p>\u00a1Felicidades!<\/p>\n<p><a title=\"Inauguraci\u00f3n Cooperativa Andamios\" href=\"https:\/\/www.flickr.com\/photos\/157869824@N05\/albums\/72157699830667572\" data-flickr-embed=\"true\"><img loading=\"lazy\" decoding=\"async\" src=\"https:\/\/farm2.staticflickr.com\/1968\/43851671750_f403b0066d_z.jpg\" alt=\"Inauguraci\u00f3n Cooperativa Andamios\" width=\"427\" height=\"640\" \/><\/a><script async src=\"\/\/embedr.flickr.com\/assets\/client-code.js\" charset=\"utf-8\"><\/script><\/p>\n","protected":false},"excerpt":{"rendered":"<p>El s\u00e1bado 27 de octubre celebramos junto a Cooperativa Andamios la inauguraci\u00f3n de su obra: una hermosa torre de 12 pisos ubicada exactamente detr\u00e1s del Complejo Bulevar, en la esquina &#8230;<\/p>\n","protected":false},"author":1,"featured_media":2960,"comment_status":"closed","ping_status":"closed","sticky":false,"template":"","format":"standard","meta":{"footnotes":""},"categories":[2],"tags":[],"class_list":["post-2959","post","type-post","status-publish","format-standard","has-post-thumbnail","hentry","category-noticias"],"_links":{"self":[{"href":"https:\/\/fecovi.coop\/web\/wp-json\/wp\/v2\/posts\/2959","targetHints":{"allow":["GET"]}}],"collection":[{"href":"https:\/\/fecovi.coop\/web\/wp-json\/wp\/v2\/posts"}],"about":[{"href":"https:\/\/fecovi.coop\/web\/wp-json\/wp\/v2\/types\/post"}],"author":[{"embeddable":true,"href":"https:\/\/fecovi.coop\/web\/wp-json\/wp\/v2\/users\/1"}],"replies":[{"embeddable":true,"href":"https:\/\/fecovi.coop\/web\/wp-json\/wp\/v2\/comments?post=2959"}],"version-history":[{"count":1,"href":"https:\/\/fecovi.coop\/web\/wp-json\/wp\/v2\/posts\/2959\/revisions"}],"predecessor-version":[{"id":2961,"href":"https:\/\/fecovi.coop\/web\/wp-json\/wp\/v2\/posts\/2959\/revisions\/2961"}],"wp:featuredmedia":[{"embeddable":true,"href":"https:\/\/fecovi.coop\/web\/wp-json\/wp\/v2\/media\/2960"}],"wp:attachment":[{"href":"https:\/\/fecovi.coop\/web\/wp-json\/wp\/v2\/media?parent=2959"}],"wp:term":[{"taxonomy":"category","embeddable":true,"href":"https:\/\/fecovi.coop\/web\/wp-json\/wp\/v2\/categories?post=2959"},{"taxonomy":"post_tag","embeddable":true,"href":"https:\/\/fecovi.coop\/web\/wp-json\/wp\/v2\/tags?post=2959"}],"curies":[{"name":"wp","href":"https:\/\/api.w.org\/{rel}","templated":true}]}}