{"id":2949,"date":"2018-10-26T21:42:11","date_gmt":"2018-10-26T21:42:11","guid":{"rendered":"https:\/\/fecovi.coop\/web\/?p=2949"},"modified":"2018-10-31T20:43:57","modified_gmt":"2018-10-31T20:43:57","slug":"fecovi-en-la-v-cumbre-cooperativa-de-las-americas","status":"publish","type":"post","link":"https:\/\/fecovi.coop\/web\/fecovi-en-la-v-cumbre-cooperativa-de-las-americas\/","title":{"rendered":"FECOVI en la V Cumbre Cooperativa de las Am\u00e9ricas"},"content":{"rendered":"<p>El Consejo Directivo de FECOVI participa a estas horas de la V Cumbre Cooperativa de las Am\u00e9ricas que se desarrolla en la hermana ciudad de Buenos Aires, Rep\u00fablica Argentina. La delegaci\u00f3n, integrada por el Presidente de la Federaci\u00f3n, Ricardo Pisciottano; el Secretario General, Alberto Esteves; el Vicepresidente, \u00c1lex de \u00c1lava y los directivos Zulma Perdomo, Gianella Ciarlo y Roberto Baz\u00e1n, particip\u00f3 de todas las actividades centrales del m\u00e1ximo evento regional del cooperativismo, asumiendo un rol protag\u00f3nico en el taller de vivienda desarrollado los d\u00edas 24 y 25.<\/p>\n<p><strong>El Modelo Uruguayo <\/strong><\/p>\n<p>En el marco de dicho encuentro de vivienda, FECOVI expuso en conjunto con FUCVAM y CCU las particularidades del modelo uruguayo, haciendo principal hincapi\u00e9 en el marco jur\u00eddico que, hace exactamente 50 a\u00f1os, consagr\u00f3 el modelo cooperativo de vivienda de ahorro previo y de ayuda mutua en la Ley Nacional de Vivienda.<\/p>\n<p>FECOVI consign\u00f3 las particulares del cooperativismo de vivienda por ahorro previo y su desarrollo desde antes de la promulgaci\u00f3n de la precitada ley, con la experiencia pionera de VICMAN, hasta la etapa actual donde la Federaci\u00f3n asume un rol central en la promoci\u00f3n de nuevas cooperativas y el acompa\u00f1amiento de su proceso a trav\u00e9s de formaci\u00f3n y asesoramiento en diversas \u00e1reas, destac\u00e1ndose la arquitect\u00f3nica, econ\u00f3mica, social y legal.<\/p>\n<p><strong>Otras Experiencias \u00bfPosibles en Uruguay?<\/strong><\/p>\n<p>Escuchar las ponencias de otros pa\u00edses americanos, as\u00ed como tambi\u00e9n el aporte del represente sueco, hicieron propicia la oportunidad para intercambiar y formular consultas sobre el funcionamiento de otras modalidades, como ser los arrendamientos cooperativos, que se presentan como una perspectiva novedosa para una sociedad cada vez m\u00e1s din\u00e1mica, fundamentalmente en los sectores juveniles.<\/p>\n<p>La experiencia acumulada por FECOVI en la promoci\u00f3n de la propiedad colectiva que se presenta como un modelo contrahegem\u00f3nico al fundamentalismo de la propiedad privada, pueden servir de terreno f\u00e9rtil para ensayar modelos como el antes mencionado que ya han sido probados con \u00e9xito en otras latitudes.<\/p>\n<p><strong>Fundaci\u00f3n de la Red Internacional de Vivienda de la ACI<\/strong><\/p>\n<p>Gracias al trabajo que desde la IV Cumbre y durante dos a\u00f1os FECOVI desarrolla en conjunto con FUCVAM y CCU, durante la jornada del jueves 25 qued\u00f3 finalmente constituida la Red de Vivienda de la ACI, que ser\u00e1 un espacio de intercambio permanente cuyo foco estar\u00e1 en el cooperativismo de vivienda y la autogesti\u00f3n, difundiendo y promoviendo a nivel de toda Am\u00e9rica, modelos que consagren el derecho humano a la vivienda apostando a la integraci\u00f3n, la participaci\u00f3n y los proyectos colectivos. Desde Uruguay las federaciones asumir\u00e1n un rol central para que esta nueva instituci\u00f3n de sus primeros pasos y se consolide r\u00e1pidamente, desaf\u00edo con el que ya quedamos comprometidos.<\/p>\n<p><a title=\"Cumbre Bs As\" href=\"https:\/\/www.flickr.com\/photos\/157869824@N05\/albums\/72157701344028271\" data-flickr-embed=\"true\"><img loading=\"lazy\" decoding=\"async\" src=\"https:\/\/farm2.staticflickr.com\/1949\/44668759995_17799cb67d_z.jpg\" alt=\"Cumbre Bs As\" width=\"640\" height=\"338\" \/><\/a><script async src=\"\/\/embedr.flickr.com\/assets\/client-code.js\" charset=\"utf-8\"><\/script><\/p>\n","protected":false},"excerpt":{"rendered":"<p>El Consejo Directivo de FECOVI participa a estas horas de la V Cumbre Cooperativa de las Am\u00e9ricas que se desarrolla en la hermana ciudad de Buenos Aires, Rep\u00fablica Argentina. La &#8230;<\/p>\n","protected":false},"author":1,"featured_media":2950,"comment_status":"closed","ping_status":"closed","sticky":false,"template":"","format":"standard","meta":{"footnotes":""},"categories":[2],"tags":[],"class_list":["post-2949","post","type-post","status-publish","format-standard","has-post-thumbnail","hentry","category-noticias"],"_links":{"self":[{"href":"https:\/\/fecovi.coop\/web\/wp-json\/wp\/v2\/posts\/2949","targetHints":{"allow":["GET"]}}],"collection":[{"href":"https:\/\/fecovi.coop\/web\/wp-json\/wp\/v2\/posts"}],"about":[{"href":"https:\/\/fecovi.coop\/web\/wp-json\/wp\/v2\/types\/post"}],"author":[{"embeddable":true,"href":"https:\/\/fecovi.coop\/web\/wp-json\/wp\/v2\/users\/1"}],"replies":[{"embeddable":true,"href":"https:\/\/fecovi.coop\/web\/wp-json\/wp\/v2\/comments?post=2949"}],"version-history":[{"count":5,"href":"https:\/\/fecovi.coop\/web\/wp-json\/wp\/v2\/posts\/2949\/revisions"}],"predecessor-version":[{"id":2957,"href":"https:\/\/fecovi.coop\/web\/wp-json\/wp\/v2\/posts\/2949\/revisions\/2957"}],"wp:featuredmedia":[{"embeddable":true,"href":"https:\/\/fecovi.coop\/web\/wp-json\/wp\/v2\/media\/2950"}],"wp:attachment":[{"href":"https:\/\/fecovi.coop\/web\/wp-json\/wp\/v2\/media?parent=2949"}],"wp:term":[{"taxonomy":"category","embeddable":true,"href":"https:\/\/fecovi.coop\/web\/wp-json\/wp\/v2\/categories?post=2949"},{"taxonomy":"post_tag","embeddable":true,"href":"https:\/\/fecovi.coop\/web\/wp-json\/wp\/v2\/tags?post=2949"}],"curies":[{"name":"wp","href":"https:\/\/api.w.org\/{rel}","templated":true}]}}