{"id":2935,"date":"2018-10-11T21:29:32","date_gmt":"2018-10-11T21:29:32","guid":{"rendered":"https:\/\/fecovi.coop\/web\/?p=2935"},"modified":"2021-02-11T17:21:40","modified_gmt":"2021-02-11T17:21:40","slug":"50-anos-de-la-promulgacion-de-la-ley-nacional-de-vivienda","status":"publish","type":"post","link":"https:\/\/fecovi.coop\/web\/50-anos-de-la-promulgacion-de-la-ley-nacional-de-vivienda\/","title":{"rendered":"50 a\u00f1os de la promulgaci\u00f3n de la Ley Nacional de Vivienda"},"content":{"rendered":"<p>El Presidente de nuestra Federaci\u00f3n, Ricardo Pisciottano, particip\u00f3 el jueves 4 de octubre en un evento realizado en el marco de la celebraci\u00f3n de los 50 a\u00f1os de la promulgaci\u00f3n de la Ley Nacional de Vivienda 13.728.<br \/>\nEn dicha actividad estuvieron presentes la vicepresidenta de la Rep\u00fablica, Lucia Topolansky, la ministra de Vivienda, Ordenamiento Territorial y Medio Ambiente, Eneida de Le\u00f3n y el director Nacional de Vivienda, Salvador Schelotto.<br \/>\nLos festejos continuar\u00e1n hasta el mes de diciembre de este a\u00f1o.<\/p>\n<p><a href=\"https:\/\/www.mvotma.gub.uy\/novedades\/noticias\/item\/10011634-50-anos-de-ley-desafios-y-futuros\" target=\"_blank\" rel=\"noopener\">Ver noticia publicada \u2013 Web MVOTMA<\/a><\/p>\n<p><a href=\"https:\/\/www.presidencia.gub.uy\/comunicacion\/comunicacionnoticias\/cincuenta-aniversario-de-la-ley-de-vivienda-topolansky-de-leon\" target=\"_blank\" rel=\"noopener\">Ver noticia publicada \u2013 Web Presidencia<\/a><\/p>\n","protected":false},"excerpt":{"rendered":"<p>El Presidente de nuestra Federaci\u00f3n, Ricardo Pisciottano, particip\u00f3 el jueves 4 de octubre en un evento realizado en el marco de la celebraci\u00f3n de los 50 a\u00f1os de la promulgaci\u00f3n &#8230;<\/p>\n","protected":false},"author":1,"featured_media":2937,"comment_status":"closed","ping_status":"closed","sticky":false,"template":"","format":"standard","meta":{"footnotes":""},"categories":[2],"tags":[],"class_list":["post-2935","post","type-post","status-publish","format-standard","has-post-thumbnail","hentry","category-noticias"],"_links":{"self":[{"href":"https:\/\/fecovi.coop\/web\/wp-json\/wp\/v2\/posts\/2935","targetHints":{"allow":["GET"]}}],"collection":[{"href":"https:\/\/fecovi.coop\/web\/wp-json\/wp\/v2\/posts"}],"about":[{"href":"https:\/\/fecovi.coop\/web\/wp-json\/wp\/v2\/types\/post"}],"author":[{"embeddable":true,"href":"https:\/\/fecovi.coop\/web\/wp-json\/wp\/v2\/users\/1"}],"replies":[{"embeddable":true,"href":"https:\/\/fecovi.coop\/web\/wp-json\/wp\/v2\/comments?post=2935"}],"version-history":[{"count":1,"href":"https:\/\/fecovi.coop\/web\/wp-json\/wp\/v2\/posts\/2935\/revisions"}],"predecessor-version":[{"id":2936,"href":"https:\/\/fecovi.coop\/web\/wp-json\/wp\/v2\/posts\/2935\/revisions\/2936"}],"wp:featuredmedia":[{"embeddable":true,"href":"https:\/\/fecovi.coop\/web\/wp-json\/wp\/v2\/media\/2937"}],"wp:attachment":[{"href":"https:\/\/fecovi.coop\/web\/wp-json\/wp\/v2\/media?parent=2935"}],"wp:term":[{"taxonomy":"category","embeddable":true,"href":"https:\/\/fecovi.coop\/web\/wp-json\/wp\/v2\/categories?post=2935"},{"taxonomy":"post_tag","embeddable":true,"href":"https:\/\/fecovi.coop\/web\/wp-json\/wp\/v2\/tags?post=2935"}],"curies":[{"name":"wp","href":"https:\/\/api.w.org\/{rel}","templated":true}]}}