{"id":2922,"date":"2018-09-13T22:05:10","date_gmt":"2018-09-13T22:05:10","guid":{"rendered":"https:\/\/fecovi.coop\/web\/?p=2922"},"modified":"2018-09-27T22:06:30","modified_gmt":"2018-09-27T22:06:30","slug":"finalizo-el-curso-la-cooperativa-y-el-iat-formas-de-gestion","status":"publish","type":"post","link":"https:\/\/fecovi.coop\/web\/finalizo-el-curso-la-cooperativa-y-el-iat-formas-de-gestion\/","title":{"rendered":"Finaliz\u00f3 el curso \u00abLa cooperativa y el IAT + formas de gesti\u00f3n\u00bb"},"content":{"rendered":"<p>Finaliz\u00f3 el mi\u00e9rcoles 12 de setiembre el segundo ciclo del curso \u00abLa Cooperativa y el IAT + Formas de Gesti\u00f3n\u00bb, con la participaci\u00f3n de las cooperativas en formaci\u00f3n Quelonio Austral, 20 minutos, Ventum del Plata y Buena Vista, quienes luego de esta instancia de capacitaci\u00f3n comenzar\u00e1n con las entrevistas para la elecci\u00f3n de un Instituto de Asistencia T\u00e9cnica que los acompa\u00f1e en este emprendimiento cooperativo.<\/p>\n<p>En esta segunda parte de la actividad, los cooperativistas tuvieron un primer acercamiento con los distintos IATs que trabajan o han trabajado con la Federaci\u00f3n, lo que les permiti\u00f3 comenzar a despejar algunas dudas sobre c\u00f3mo se desarrollar\u00e1 el trabajo con ellos.<\/p>\n<p>Desde la Federaci\u00f3n continuamos apostando a una fuerte capacitaci\u00f3n de las cooperativas en las primeras instancias de formaci\u00f3n. En este sentido, nos encontramos trabajando en la preparaci\u00f3n de un nuevo curso de similares caracter\u00edsticas, dirigido a los nuevos grupos pre-cooperativos. El mismo se dictar\u00e1 durante el primer semestre del pr\u00f3ximo a\u00f1o.<\/p>\n<p><a title=\"Curso IAT 2\u00b0 parte\" href=\"https:\/\/www.flickr.com\/photos\/157869824@N05\/albums\/72157671690536067\" data-flickr-embed=\"true\"><img loading=\"lazy\" decoding=\"async\" src=\"https:\/\/farm2.staticflickr.com\/1976\/31062601908_13672c85cd_z.jpg\" alt=\"Curso IAT 2\u00b0 parte\" width=\"640\" height=\"335\" \/><\/a><script async src=\"\/\/embedr.flickr.com\/assets\/client-code.js\" charset=\"utf-8\"><\/script><\/p>\n","protected":false},"excerpt":{"rendered":"<p>Finaliz\u00f3 el mi\u00e9rcoles 12 de setiembre el segundo ciclo del curso \u00abLa Cooperativa y el IAT + Formas de Gesti\u00f3n\u00bb, con la participaci\u00f3n de las cooperativas en formaci\u00f3n Quelonio Austral, &#8230;<\/p>\n","protected":false},"author":1,"featured_media":2924,"comment_status":"closed","ping_status":"closed","sticky":false,"template":"","format":"standard","meta":{"footnotes":""},"categories":[2],"tags":[],"class_list":["post-2922","post","type-post","status-publish","format-standard","has-post-thumbnail","hentry","category-noticias"],"_links":{"self":[{"href":"https:\/\/fecovi.coop\/web\/wp-json\/wp\/v2\/posts\/2922","targetHints":{"allow":["GET"]}}],"collection":[{"href":"https:\/\/fecovi.coop\/web\/wp-json\/wp\/v2\/posts"}],"about":[{"href":"https:\/\/fecovi.coop\/web\/wp-json\/wp\/v2\/types\/post"}],"author":[{"embeddable":true,"href":"https:\/\/fecovi.coop\/web\/wp-json\/wp\/v2\/users\/1"}],"replies":[{"embeddable":true,"href":"https:\/\/fecovi.coop\/web\/wp-json\/wp\/v2\/comments?post=2922"}],"version-history":[{"count":1,"href":"https:\/\/fecovi.coop\/web\/wp-json\/wp\/v2\/posts\/2922\/revisions"}],"predecessor-version":[{"id":2923,"href":"https:\/\/fecovi.coop\/web\/wp-json\/wp\/v2\/posts\/2922\/revisions\/2923"}],"wp:featuredmedia":[{"embeddable":true,"href":"https:\/\/fecovi.coop\/web\/wp-json\/wp\/v2\/media\/2924"}],"wp:attachment":[{"href":"https:\/\/fecovi.coop\/web\/wp-json\/wp\/v2\/media?parent=2922"}],"wp:term":[{"taxonomy":"category","embeddable":true,"href":"https:\/\/fecovi.coop\/web\/wp-json\/wp\/v2\/categories?post=2922"},{"taxonomy":"post_tag","embeddable":true,"href":"https:\/\/fecovi.coop\/web\/wp-json\/wp\/v2\/tags?post=2922"}],"curies":[{"name":"wp","href":"https:\/\/api.w.org\/{rel}","templated":true}]}}