{"id":2909,"date":"2018-09-20T20:10:20","date_gmt":"2018-09-20T20:10:20","guid":{"rendered":"https:\/\/fecovi.coop\/web\/?p=2909"},"modified":"2021-02-11T23:19:14","modified_gmt":"2021-02-11T23:19:14","slug":"primera-charla-informativa-de-promocion-del-procoop","status":"publish","type":"post","link":"https:\/\/fecovi.coop\/web\/primera-charla-informativa-de-promocion-del-procoop\/","title":{"rendered":"Primera charla informativa de promoci\u00f3n del PROCOOP"},"content":{"rendered":"<p>El mi\u00e9rcoles 12 de setiembre se realiz\u00f3 en la Federaci\u00f3n la primera charla informativa sobre el programa PROCOOP, que desarrolla capacitaciones y asistencias t\u00e9cnicas a socios e integrantes de cooperativas.<br \/>\nUnas 11 cooperativas participaron activamente de esta instancia de intercambio en la que se present\u00f3 detalladamente el programa, y se acord\u00f3 comenzar a generar instancias de entrevista individual para ir dando forma a las propuestas de capacitaci\u00f3n, formaci\u00f3n o asistencia t\u00e9cnica, seg\u00fan demanden las cooperativas.<\/p>\n<p>Aquellas cooperativas que deseen recibir asistencia t\u00e9cnica o participar de alg\u00fan curso, podr\u00e1n comunicarse a administracion@fecovi.coop.<\/p>\n<p><a title=\"1\u00b0Curso sobre Procoop\" href=\"https:\/\/www.flickr.com\/photos\/157869824@N05\/albums\/72157698550142962\" data-flickr-embed=\"true\"><img loading=\"lazy\" decoding=\"async\" src=\"https:\/\/farm2.staticflickr.com\/1966\/44214975374_d33a3ee567_z.jpg\" alt=\"1\u00b0Curso sobre Procoop\" width=\"640\" height=\"348\" \/><\/a><script async src=\"\/\/embedr.flickr.com\/assets\/client-code.js\" charset=\"utf-8\"><\/script><\/p>\n","protected":false},"excerpt":{"rendered":"<p>El mi\u00e9rcoles 12 de setiembre se realiz\u00f3 en la Federaci\u00f3n la primera charla informativa sobre el programa PROCOOP, que desarrolla capacitaciones y asistencias t\u00e9cnicas a socios e integrantes de cooperativas. &#8230;<\/p>\n","protected":false},"author":1,"featured_media":2911,"comment_status":"closed","ping_status":"closed","sticky":false,"template":"","format":"standard","meta":{"footnotes":""},"categories":[2],"tags":[],"class_list":["post-2909","post","type-post","status-publish","format-standard","has-post-thumbnail","hentry","category-noticias"],"_links":{"self":[{"href":"https:\/\/fecovi.coop\/web\/wp-json\/wp\/v2\/posts\/2909","targetHints":{"allow":["GET"]}}],"collection":[{"href":"https:\/\/fecovi.coop\/web\/wp-json\/wp\/v2\/posts"}],"about":[{"href":"https:\/\/fecovi.coop\/web\/wp-json\/wp\/v2\/types\/post"}],"author":[{"embeddable":true,"href":"https:\/\/fecovi.coop\/web\/wp-json\/wp\/v2\/users\/1"}],"replies":[{"embeddable":true,"href":"https:\/\/fecovi.coop\/web\/wp-json\/wp\/v2\/comments?post=2909"}],"version-history":[{"count":7,"href":"https:\/\/fecovi.coop\/web\/wp-json\/wp\/v2\/posts\/2909\/revisions"}],"predecessor-version":[{"id":2940,"href":"https:\/\/fecovi.coop\/web\/wp-json\/wp\/v2\/posts\/2909\/revisions\/2940"}],"wp:featuredmedia":[{"embeddable":true,"href":"https:\/\/fecovi.coop\/web\/wp-json\/wp\/v2\/media\/2911"}],"wp:attachment":[{"href":"https:\/\/fecovi.coop\/web\/wp-json\/wp\/v2\/media?parent=2909"}],"wp:term":[{"taxonomy":"category","embeddable":true,"href":"https:\/\/fecovi.coop\/web\/wp-json\/wp\/v2\/categories?post=2909"},{"taxonomy":"post_tag","embeddable":true,"href":"https:\/\/fecovi.coop\/web\/wp-json\/wp\/v2\/tags?post=2909"}],"curies":[{"name":"wp","href":"https:\/\/api.w.org\/{rel}","templated":true}]}}