{"id":2897,"date":"2018-09-21T20:10:18","date_gmt":"2018-09-21T20:10:18","guid":{"rendered":"https:\/\/fecovi.coop\/web\/?p=2897"},"modified":"2018-09-27T19:26:49","modified_gmt":"2018-09-27T19:26:49","slug":"presentacion-del-libro-vivienda-por-cooperativas-de-ahorro-previo-un-camino-y-sus-encrucijadas","status":"publish","type":"post","link":"https:\/\/fecovi.coop\/web\/presentacion-del-libro-vivienda-por-cooperativas-de-ahorro-previo-un-camino-y-sus-encrucijadas\/","title":{"rendered":"Presentaci\u00f3n del libro \u00abVivienda por cooperativas de ahorro previo: un camino y sus encrucijadas\u00bb"},"content":{"rendered":"<p>El mi\u00e9rcoles 19 de setiembre tuvo lugar en el sal\u00f3n de actos de nuestra Federaci\u00f3n, la presentaci\u00f3n del libro\u00a0<em><strong>\u00abVivienda por cooperativas de ahorro previo: un camino y sus encrucijadas\u00bb<\/strong><\/em>. La publicaci\u00f3n recoge el resultado de la investigaci\u00f3n realizada por el equipo multidisciplinario de evaluaci\u00f3n de programas y tecnolog\u00edas para la vivienda social de la Facultad de Arquitectura de la UdelaR.<\/p>\n<p><a href=\"https:\/\/fecovi.coop\/web\/wp-content\/uploads\/2018\/09\/Presentacion_LIBRO.pdf\" target=\"_blank\" rel=\"noopener\">Ampliar nota (publicada en el Diario La Rep\u00fablica).<\/a><\/p>\n<p><strong><a href=\"https:\/\/fecovi.coop\/web\/wp-content\/uploads\/2018\/09\/Libro_version_digital.pdf\" target=\"_blank\" rel=\"noopener\">Descargar versi\u00f3n digital del libro<\/a><\/strong><\/p>\n<p>Compartimos fotos del evento.<\/p>\n<p><a title=\"Presentaci\u00f3n libro 19.09.2018\" href=\"https:\/\/www.flickr.com\/photos\/157869824@N05\/albums\/72157673639081738\" data-flickr-embed=\"true\"><img loading=\"lazy\" decoding=\"async\" src=\"https:\/\/farm2.staticflickr.com\/1917\/29874575977_84c6c9eb5d.jpg\" alt=\"Presentaci\u00f3n libro 19.09.2018\" width=\"500\" height=\"244\" \/><\/a><script async src=\"\/\/embedr.flickr.com\/assets\/client-code.js\" charset=\"utf-8\"><\/script><\/p>\n","protected":false},"excerpt":{"rendered":"<p>El mi\u00e9rcoles 19 de setiembre tuvo lugar en el sal\u00f3n de actos de nuestra Federaci\u00f3n, la presentaci\u00f3n del libro\u00a0\u00abVivienda por cooperativas de ahorro previo: un camino y sus encrucijadas\u00bb. La &#8230;<\/p>\n","protected":false},"author":1,"featured_media":2901,"comment_status":"closed","ping_status":"closed","sticky":false,"template":"","format":"standard","meta":{"footnotes":""},"categories":[2],"tags":[],"class_list":["post-2897","post","type-post","status-publish","format-standard","has-post-thumbnail","hentry","category-noticias"],"_links":{"self":[{"href":"https:\/\/fecovi.coop\/web\/wp-json\/wp\/v2\/posts\/2897","targetHints":{"allow":["GET"]}}],"collection":[{"href":"https:\/\/fecovi.coop\/web\/wp-json\/wp\/v2\/posts"}],"about":[{"href":"https:\/\/fecovi.coop\/web\/wp-json\/wp\/v2\/types\/post"}],"author":[{"embeddable":true,"href":"https:\/\/fecovi.coop\/web\/wp-json\/wp\/v2\/users\/1"}],"replies":[{"embeddable":true,"href":"https:\/\/fecovi.coop\/web\/wp-json\/wp\/v2\/comments?post=2897"}],"version-history":[{"count":3,"href":"https:\/\/fecovi.coop\/web\/wp-json\/wp\/v2\/posts\/2897\/revisions"}],"predecessor-version":[{"id":2917,"href":"https:\/\/fecovi.coop\/web\/wp-json\/wp\/v2\/posts\/2897\/revisions\/2917"}],"wp:featuredmedia":[{"embeddable":true,"href":"https:\/\/fecovi.coop\/web\/wp-json\/wp\/v2\/media\/2901"}],"wp:attachment":[{"href":"https:\/\/fecovi.coop\/web\/wp-json\/wp\/v2\/media?parent=2897"}],"wp:term":[{"taxonomy":"category","embeddable":true,"href":"https:\/\/fecovi.coop\/web\/wp-json\/wp\/v2\/categories?post=2897"},{"taxonomy":"post_tag","embeddable":true,"href":"https:\/\/fecovi.coop\/web\/wp-json\/wp\/v2\/tags?post=2897"}],"curies":[{"name":"wp","href":"https:\/\/api.w.org\/{rel}","templated":true}]}}