{"id":2821,"date":"2018-07-20T17:58:50","date_gmt":"2018-07-20T17:58:50","guid":{"rendered":"https:\/\/fecovi.coop\/web\/?p=2821"},"modified":"2018-07-20T17:58:50","modified_gmt":"2018-07-20T17:58:50","slug":"convocatoria-a-movilizacion","status":"publish","type":"post","link":"https:\/\/fecovi.coop\/web\/convocatoria-a-movilizacion\/","title":{"rendered":"Convocatoria a movilizaci\u00f3n"},"content":{"rendered":"<p>FECOVI convoca a sus cooperativas socias en general y a las nuevas cooperativas en particular, a participar de la movilizaci\u00f3n que estar\u00e1n realizando los compa\u00f1eros de FUCVAM, el pr\u00f3ximo <strong>lunes 23 de julio<\/strong> a las 18.30 horas en el Palacio Legislativo, en el marco de la plataforma reivindicativa.<\/p>\n<p><span style=\"color: #008000;\"><strong><a style=\"color: #008000;\" href=\"https:\/\/fecovi.coop\/web\/wp-content\/uploads\/2018\/07\/Marcha.pdf\" target=\"_blank\" rel=\"noopener\">VER CONVOCATORIA<\/a><\/strong><\/span><\/p>\n","protected":false},"excerpt":{"rendered":"<p>FECOVI convoca a sus cooperativas socias en general y a las nuevas cooperativas en particular, a participar de la movilizaci\u00f3n que estar\u00e1n realizando los compa\u00f1eros de FUCVAM, el pr\u00f3ximo lunes &#8230;<\/p>\n","protected":false},"author":1,"featured_media":2824,"comment_status":"closed","ping_status":"closed","sticky":false,"template":"","format":"standard","meta":{"footnotes":""},"categories":[2],"tags":[],"class_list":["post-2821","post","type-post","status-publish","format-standard","has-post-thumbnail","hentry","category-noticias"],"_links":{"self":[{"href":"https:\/\/fecovi.coop\/web\/wp-json\/wp\/v2\/posts\/2821","targetHints":{"allow":["GET"]}}],"collection":[{"href":"https:\/\/fecovi.coop\/web\/wp-json\/wp\/v2\/posts"}],"about":[{"href":"https:\/\/fecovi.coop\/web\/wp-json\/wp\/v2\/types\/post"}],"author":[{"embeddable":true,"href":"https:\/\/fecovi.coop\/web\/wp-json\/wp\/v2\/users\/1"}],"replies":[{"embeddable":true,"href":"https:\/\/fecovi.coop\/web\/wp-json\/wp\/v2\/comments?post=2821"}],"version-history":[{"count":1,"href":"https:\/\/fecovi.coop\/web\/wp-json\/wp\/v2\/posts\/2821\/revisions"}],"predecessor-version":[{"id":2823,"href":"https:\/\/fecovi.coop\/web\/wp-json\/wp\/v2\/posts\/2821\/revisions\/2823"}],"wp:featuredmedia":[{"embeddable":true,"href":"https:\/\/fecovi.coop\/web\/wp-json\/wp\/v2\/media\/2824"}],"wp:attachment":[{"href":"https:\/\/fecovi.coop\/web\/wp-json\/wp\/v2\/media?parent=2821"}],"wp:term":[{"taxonomy":"category","embeddable":true,"href":"https:\/\/fecovi.coop\/web\/wp-json\/wp\/v2\/categories?post=2821"},{"taxonomy":"post_tag","embeddable":true,"href":"https:\/\/fecovi.coop\/web\/wp-json\/wp\/v2\/tags?post=2821"}],"curies":[{"name":"wp","href":"https:\/\/api.w.org\/{rel}","templated":true}]}}