{"id":2810,"date":"2018-07-12T20:02:22","date_gmt":"2018-07-12T20:02:22","guid":{"rendered":"https:\/\/fecovi.coop\/web\/?p=2810"},"modified":"2018-07-12T20:24:31","modified_gmt":"2018-07-12T20:24:31","slug":"fecovi-celebro-junto-a-cudecoop-el-dia-internacional-de-las-cooperativas","status":"publish","type":"post","link":"https:\/\/fecovi.coop\/web\/fecovi-celebro-junto-a-cudecoop-el-dia-internacional-de-las-cooperativas\/","title":{"rendered":"FECOVI celebr\u00f3 junto a CUDECOOP el D\u00eda Internacional de las Cooperativas"},"content":{"rendered":"<p>FECOVI comparti\u00f3 junto a Cudecoop y las Federaciones de cooperativas una nueva celebraci\u00f3n del D\u00eda Internacional de las Cooperativas, en un evento que tuvo lugar el lunes 9 de julio a las 14.00 horas en el espacio municipal Enlace, y que continu\u00f3 con una movilizaci\u00f3n desde la Plaza Fabini hasta Plaza Independencia, a las 17.00 horas.<\/p>\n<p>En presencia del ministro de Trabajo, Ernesto Murro; la ministra de Industria, Carolina Cosse; el intendente de Montevideo, Daniel Mart\u00ednez; el presidente de INACOOP, Gustavo Bernini, y la presidenta de CUDECOOP, Graciela Fern\u00e1ndez, representantes de las diferentes Federaciones del movimiento cooperativo realizaron presentaciones del panorama pol\u00edtico de cada Federaci\u00f3n al d\u00eda de hoy, exponiendo las diferentes realidades de los sectores.<\/p>\n<p>Desde FECOVI, el presidente Ricardo Pisciottano mencion\u00f3 el n\u00famero de viviendas que actualmente se encuentran en las diferentes etapas de construcci\u00f3n, habitadas, cooperativas con aprobaci\u00f3n de pr\u00e9stamos, as\u00ed como de nuevos grupos en etapa de formaci\u00f3n, destacando el aumento del n\u00famero de familias uruguayas que acceden a su vivienda mediante esta modalidad.<\/p>\n<p>Por otro lado, hizo alusi\u00f3n a la plataforma reivindicativa gremial que defiende a las cooperativas socias de la Federaci\u00f3n, exigiendo la exoneraci\u00f3n del IVA a los materiales de obra, la reglamentaci\u00f3n de la Ley de Subsidio, la tasa de repago del 2%, la revisi\u00f3n del tope de 40 UR para n\u00facleos de un solo integrante, y la cancelaci\u00f3n de las hipotecas.<\/p>\n<p>Resalt\u00f3 adem\u00e1s\u00a0 el trabajo que se viene haciendo desde la Federaci\u00f3n en cuanto a desarrollo territorial (promocionando y asesorando cooperativas en Montevideo, Canelones, Maldonado, Paysand\u00fa, San Jos\u00e9 y Soriano), y desde el punto de vista de la Capacitaci\u00f3n, en cuanto a desarrollo de herramientas que mejoren la formaci\u00f3n de las cooperativas en sus diversas etapas, facilitando mejores resultados.<\/p>\n<p>Durante el desarrollo del evento, se realiz\u00f3 adem\u00e1s la firma de los acuerdos de fortalecimiento gremial establecidos entre INACOOP y las diferentes entidades cooperativas.<\/p>\n<p>Finalizada la parte oratoria, los presentes se trasladaron hacia la plaza Fabini para marchar hacia la Plaza Independencia. Representantes de cooperativistas de vivienda -tanto de FECOVI como de FUCVAM-, se sumaron a la marcha aprovechando la instancia para manifestarse en torno a sus plataformas reivindicativas<\/p>\n<p>Una vez en la Plaza Independencia, desde CUDECOOP se brind\u00f3 homenaje a nuestro pr\u00f3cer nacional Jos\u00e9 Gervasio Artigas, mediante la colocaci\u00f3n de un arreglo de flores alusivo a la fecha.<\/p>\n<p><a title=\"D\u00eda del Cooperativismo 2018\" href=\"https:\/\/www.flickr.com\/photos\/157869824@N05\/albums\/72157698494694754\" data-flickr-embed=\"true\"><img loading=\"lazy\" decoding=\"async\" src=\"https:\/\/farm2.staticflickr.com\/1784\/28479928927_706762a4c1_z.jpg\" alt=\"D\u00eda del Cooperativismo 2018\" width=\"640\" height=\"329\" \/><\/a><script async src=\"\/\/embedr.flickr.com\/assets\/client-code.js\" charset=\"utf-8\"><\/script><\/p>\n","protected":false},"excerpt":{"rendered":"<p>FECOVI comparti\u00f3 junto a Cudecoop y las Federaciones de cooperativas una nueva celebraci\u00f3n del D\u00eda Internacional de las Cooperativas, en un evento que tuvo lugar el lunes 9 de julio &#8230;<\/p>\n","protected":false},"author":1,"featured_media":2812,"comment_status":"closed","ping_status":"closed","sticky":false,"template":"","format":"standard","meta":{"footnotes":""},"categories":[2],"tags":[],"class_list":["post-2810","post","type-post","status-publish","format-standard","has-post-thumbnail","hentry","category-noticias"],"_links":{"self":[{"href":"https:\/\/fecovi.coop\/web\/wp-json\/wp\/v2\/posts\/2810","targetHints":{"allow":["GET"]}}],"collection":[{"href":"https:\/\/fecovi.coop\/web\/wp-json\/wp\/v2\/posts"}],"about":[{"href":"https:\/\/fecovi.coop\/web\/wp-json\/wp\/v2\/types\/post"}],"author":[{"embeddable":true,"href":"https:\/\/fecovi.coop\/web\/wp-json\/wp\/v2\/users\/1"}],"replies":[{"embeddable":true,"href":"https:\/\/fecovi.coop\/web\/wp-json\/wp\/v2\/comments?post=2810"}],"version-history":[{"count":4,"href":"https:\/\/fecovi.coop\/web\/wp-json\/wp\/v2\/posts\/2810\/revisions"}],"predecessor-version":[{"id":2817,"href":"https:\/\/fecovi.coop\/web\/wp-json\/wp\/v2\/posts\/2810\/revisions\/2817"}],"wp:featuredmedia":[{"embeddable":true,"href":"https:\/\/fecovi.coop\/web\/wp-json\/wp\/v2\/media\/2812"}],"wp:attachment":[{"href":"https:\/\/fecovi.coop\/web\/wp-json\/wp\/v2\/media?parent=2810"}],"wp:term":[{"taxonomy":"category","embeddable":true,"href":"https:\/\/fecovi.coop\/web\/wp-json\/wp\/v2\/categories?post=2810"},{"taxonomy":"post_tag","embeddable":true,"href":"https:\/\/fecovi.coop\/web\/wp-json\/wp\/v2\/tags?post=2810"}],"curies":[{"name":"wp","href":"https:\/\/api.w.org\/{rel}","templated":true}]}}