{"id":2791,"date":"2018-07-03T21:20:13","date_gmt":"2018-07-03T21:20:13","guid":{"rendered":"https:\/\/fecovi.coop\/web\/?p=2791"},"modified":"2018-07-03T22:17:30","modified_gmt":"2018-07-03T22:17:30","slug":"invitacion-96o-dia-internacional-de-las-cooperativas","status":"publish","type":"post","link":"https:\/\/fecovi.coop\/web\/invitacion-96o-dia-internacional-de-las-cooperativas\/","title":{"rendered":"Invitaci\u00f3n &#8211; 96\u00ba D\u00eda Internacional de las Cooperativas"},"content":{"rendered":"<p>Hacemos extensiva la invitaci\u00f3n de la Confederaci\u00f3n Uruguaya de Entidades Cooperativas (CUDECOOP) a participar del festejo del\u00a0<strong>96\u00ba D\u00eda Internacional de las Cooperativas<\/strong>, \u00ab<strong><em>Sociedades sostenibles gracias a la cooperaci\u00f3n\u201d<\/em><\/strong>, que se realizar\u00e1 el pr\u00f3ximo <strong>lunes 9 de julio de 14.00 a 16.00 horas<\/strong> en <strong>ENLACE (Agraciada 2332)<\/strong>, finalizando con un homenaje a Jos\u00e9 Artigas en la Plaza Independencia.<\/p>\n<p>Agradecemos confirmar asistencia.<\/p>\n<p><span style=\"color: #658e31;\"><strong><a style=\"color: #658e31;\" href=\"https:\/\/fecovi.coop\/web\/wp-content\/uploads\/2018\/07\/Invitacions_Dia_Cooperativismo_2018.pdf\" target=\"_blank\" rel=\"noopener\">Ver invitaci\u00f3n<\/a><\/strong><\/span><\/p>\n","protected":false},"excerpt":{"rendered":"<p>Hacemos extensiva la invitaci\u00f3n de la Confederaci\u00f3n Uruguaya de Entidades Cooperativas (CUDECOOP) a participar del festejo del\u00a096\u00ba D\u00eda Internacional de las Cooperativas, \u00abSociedades sostenibles gracias a la cooperaci\u00f3n\u201d, que se &#8230;<\/p>\n","protected":false},"author":1,"featured_media":2795,"comment_status":"closed","ping_status":"closed","sticky":false,"template":"","format":"standard","meta":{"footnotes":""},"categories":[2],"tags":[],"class_list":["post-2791","post","type-post","status-publish","format-standard","has-post-thumbnail","hentry","category-noticias"],"_links":{"self":[{"href":"https:\/\/fecovi.coop\/web\/wp-json\/wp\/v2\/posts\/2791","targetHints":{"allow":["GET"]}}],"collection":[{"href":"https:\/\/fecovi.coop\/web\/wp-json\/wp\/v2\/posts"}],"about":[{"href":"https:\/\/fecovi.coop\/web\/wp-json\/wp\/v2\/types\/post"}],"author":[{"embeddable":true,"href":"https:\/\/fecovi.coop\/web\/wp-json\/wp\/v2\/users\/1"}],"replies":[{"embeddable":true,"href":"https:\/\/fecovi.coop\/web\/wp-json\/wp\/v2\/comments?post=2791"}],"version-history":[{"count":1,"href":"https:\/\/fecovi.coop\/web\/wp-json\/wp\/v2\/posts\/2791\/revisions"}],"predecessor-version":[{"id":2796,"href":"https:\/\/fecovi.coop\/web\/wp-json\/wp\/v2\/posts\/2791\/revisions\/2796"}],"wp:featuredmedia":[{"embeddable":true,"href":"https:\/\/fecovi.coop\/web\/wp-json\/wp\/v2\/media\/2795"}],"wp:attachment":[{"href":"https:\/\/fecovi.coop\/web\/wp-json\/wp\/v2\/media?parent=2791"}],"wp:term":[{"taxonomy":"category","embeddable":true,"href":"https:\/\/fecovi.coop\/web\/wp-json\/wp\/v2\/categories?post=2791"},{"taxonomy":"post_tag","embeddable":true,"href":"https:\/\/fecovi.coop\/web\/wp-json\/wp\/v2\/tags?post=2791"}],"curies":[{"name":"wp","href":"https:\/\/api.w.org\/{rel}","templated":true}]}}