{"id":2759,"date":"2018-06-28T20:57:50","date_gmt":"2018-06-28T20:57:50","guid":{"rendered":"https:\/\/fecovi.coop\/web\/?p=2759"},"modified":"2018-06-28T20:57:50","modified_gmt":"2018-06-28T20:57:50","slug":"cooperativa-andamios-asigno-sus-viviendas","status":"publish","type":"post","link":"https:\/\/fecovi.coop\/web\/cooperativa-andamios-asigno-sus-viviendas\/","title":{"rendered":"Cooperativa Andamios asign\u00f3 sus viviendas"},"content":{"rendered":"<p>El mi\u00e9rcoles 20 de junio fueron asignadas las unidades a las 48 familias de Cooperativa Andamios, mediante la realizaci\u00f3n del sorteo que tuvo lugar en el sal\u00f3n de actos de nuestra Federaci\u00f3n.<\/p>\n<p>Ubicada en el Barrio La Blanqueada, la cooperativa est\u00e1 conformada por viviendas de 2 y 3 dormitorios. Las obras comenzaron en el mes de agosto de 2015.<\/p>\n<p>\u00a1Muchas felicidades para todos!<\/p>\n<div id='gallery-1' class='gallery galleryid-2759 gallery-columns-3 gallery-size-thumbnail'><figure class='gallery-item'>\n\t\t\t<div class='gallery-icon landscape'>\n\t\t\t\t<a href='https:\/\/fecovi.coop\/web\/cooperativa-andamios-asigno-sus-viviendas\/1-6\/'><img loading=\"lazy\" decoding=\"async\" width=\"150\" height=\"150\" src=\"https:\/\/fecovi.coop\/web\/wp-content\/uploads\/2018\/06\/1-1-150x150.jpg\" class=\"attachment-thumbnail size-thumbnail\" alt=\"\" srcset=\"https:\/\/fecovi.coop\/web\/wp-content\/uploads\/2018\/06\/1-1-150x150.jpg 150w, https:\/\/fecovi.coop\/web\/wp-content\/uploads\/2018\/06\/1-1-67x67.jpg 67w\" sizes=\"auto, (max-width: 150px) 100vw, 150px\" \/><\/a>\n\t\t\t<\/div><\/figure><figure class='gallery-item'>\n\t\t\t<div class='gallery-icon landscape'>\n\t\t\t\t<a href='https:\/\/fecovi.coop\/web\/cooperativa-andamios-asigno-sus-viviendas\/2-5\/'><img loading=\"lazy\" decoding=\"async\" width=\"150\" height=\"150\" src=\"https:\/\/fecovi.coop\/web\/wp-content\/uploads\/2018\/06\/2-150x150.jpg\" class=\"attachment-thumbnail size-thumbnail\" alt=\"\" srcset=\"https:\/\/fecovi.coop\/web\/wp-content\/uploads\/2018\/06\/2-150x150.jpg 150w, https:\/\/fecovi.coop\/web\/wp-content\/uploads\/2018\/06\/2-67x67.jpg 67w\" sizes=\"auto, (max-width: 150px) 100vw, 150px\" \/><\/a>\n\t\t\t<\/div><\/figure><figure class='gallery-item'>\n\t\t\t<div class='gallery-icon landscape'>\n\t\t\t\t<a href='https:\/\/fecovi.coop\/web\/cooperativa-andamios-asigno-sus-viviendas\/3-4\/'><img loading=\"lazy\" decoding=\"async\" width=\"150\" height=\"150\" src=\"https:\/\/fecovi.coop\/web\/wp-content\/uploads\/2018\/06\/3-150x150.jpg\" class=\"attachment-thumbnail size-thumbnail\" alt=\"\" srcset=\"https:\/\/fecovi.coop\/web\/wp-content\/uploads\/2018\/06\/3-150x150.jpg 150w, https:\/\/fecovi.coop\/web\/wp-content\/uploads\/2018\/06\/3-67x67.jpg 67w\" sizes=\"auto, (max-width: 150px) 100vw, 150px\" \/><\/a>\n\t\t\t<\/div><\/figure><figure class='gallery-item'>\n\t\t\t<div class='gallery-icon landscape'>\n\t\t\t\t<a href='https:\/\/fecovi.coop\/web\/cooperativa-andamios-asigno-sus-viviendas\/4-3\/'><img loading=\"lazy\" decoding=\"async\" width=\"150\" height=\"150\" src=\"https:\/\/fecovi.coop\/web\/wp-content\/uploads\/2018\/06\/4-150x150.jpg\" class=\"attachment-thumbnail size-thumbnail\" alt=\"\" srcset=\"https:\/\/fecovi.coop\/web\/wp-content\/uploads\/2018\/06\/4-150x150.jpg 150w, https:\/\/fecovi.coop\/web\/wp-content\/uploads\/2018\/06\/4-67x67.jpg 67w\" sizes=\"auto, (max-width: 150px) 100vw, 150px\" \/><\/a>\n\t\t\t<\/div><\/figure>\n\t\t<\/div>\n\n<p>&nbsp;<\/p>\n","protected":false},"excerpt":{"rendered":"<p>El mi\u00e9rcoles 20 de junio fueron asignadas las unidades a las 48 familias de Cooperativa Andamios, mediante la realizaci\u00f3n del sorteo que tuvo lugar en el sal\u00f3n de actos de &#8230;<\/p>\n","protected":false},"author":1,"featured_media":2762,"comment_status":"closed","ping_status":"closed","sticky":false,"template":"","format":"standard","meta":{"footnotes":""},"categories":[2],"tags":[],"class_list":["post-2759","post","type-post","status-publish","format-standard","has-post-thumbnail","hentry","category-noticias"],"_links":{"self":[{"href":"https:\/\/fecovi.coop\/web\/wp-json\/wp\/v2\/posts\/2759","targetHints":{"allow":["GET"]}}],"collection":[{"href":"https:\/\/fecovi.coop\/web\/wp-json\/wp\/v2\/posts"}],"about":[{"href":"https:\/\/fecovi.coop\/web\/wp-json\/wp\/v2\/types\/post"}],"author":[{"embeddable":true,"href":"https:\/\/fecovi.coop\/web\/wp-json\/wp\/v2\/users\/1"}],"replies":[{"embeddable":true,"href":"https:\/\/fecovi.coop\/web\/wp-json\/wp\/v2\/comments?post=2759"}],"version-history":[{"count":3,"href":"https:\/\/fecovi.coop\/web\/wp-json\/wp\/v2\/posts\/2759\/revisions"}],"predecessor-version":[{"id":2767,"href":"https:\/\/fecovi.coop\/web\/wp-json\/wp\/v2\/posts\/2759\/revisions\/2767"}],"wp:featuredmedia":[{"embeddable":true,"href":"https:\/\/fecovi.coop\/web\/wp-json\/wp\/v2\/media\/2762"}],"wp:attachment":[{"href":"https:\/\/fecovi.coop\/web\/wp-json\/wp\/v2\/media?parent=2759"}],"wp:term":[{"taxonomy":"category","embeddable":true,"href":"https:\/\/fecovi.coop\/web\/wp-json\/wp\/v2\/categories?post=2759"},{"taxonomy":"post_tag","embeddable":true,"href":"https:\/\/fecovi.coop\/web\/wp-json\/wp\/v2\/tags?post=2759"}],"curies":[{"name":"wp","href":"https:\/\/api.w.org\/{rel}","templated":true}]}}