{"id":2669,"date":"2018-06-04T22:55:43","date_gmt":"2018-06-04T22:55:43","guid":{"rendered":"https:\/\/fecovi.coop\/web\/?p=2669"},"modified":"2018-06-04T22:55:43","modified_gmt":"2018-06-04T22:55:43","slug":"cudecoop-cumplio-30-anos","status":"publish","type":"post","link":"https:\/\/fecovi.coop\/web\/cudecoop-cumplio-30-anos\/","title":{"rendered":"Cudecoop cumpli\u00f3 30 a\u00f1os"},"content":{"rendered":"<p>FECOVI celebr\u00f3 junto a Cudecoop los 30 a\u00f1os de la Confederaci\u00f3n, en una velada que tuvo lugar el domingo 3 de junio.<\/p>\n<p>Durante la ceremonia realizada en la Sala Zitarrosa, que cont\u00f3 con la presencia de autoridades del movimiento cooperativo, se realiz\u00f3 un reconocimiento a FECOVI por ser socio fundador de la Confederaci\u00f3n. Asimismo, nuestro directivo Alberto Est\u00e9vez recibi\u00f3 una distinci\u00f3n por su desempe\u00f1o como Presidente de Cudecoop durante la gesti\u00f3n 2010-2014.<\/p>\n<p>Compartimos fotos de la ceremonia realizada en la Sala Zitarrosa, y del brindis que tuvo lugar en el Club Brasile\u00f1o.<\/p>\n<p><a title=\"30 a\u00f1os Cudecoop\" href=\"https:\/\/www.flickr.com\/photos\/157869824@N05\/albums\/72157667733148017\" data-flickr-embed=\"true\"><img loading=\"lazy\" decoding=\"async\" src=\"https:\/\/farm2.staticflickr.com\/1751\/41667839855_b7beb7a954_z.jpg\" alt=\"30 a\u00f1os Cudecoop\" width=\"640\" height=\"426\" \/><\/a><script async src=\"\/\/embedr.flickr.com\/assets\/client-code.js\" charset=\"utf-8\"><\/script><\/p>\n","protected":false},"excerpt":{"rendered":"<p>FECOVI celebr\u00f3 junto a Cudecoop los 30 a\u00f1os de la Confederaci\u00f3n, en una velada que tuvo lugar el domingo 3 de junio. Durante la ceremonia realizada en la Sala Zitarrosa, &#8230;<\/p>\n","protected":false},"author":1,"featured_media":2672,"comment_status":"closed","ping_status":"closed","sticky":false,"template":"","format":"standard","meta":{"footnotes":""},"categories":[2],"tags":[],"class_list":["post-2669","post","type-post","status-publish","format-standard","has-post-thumbnail","hentry","category-noticias"],"_links":{"self":[{"href":"https:\/\/fecovi.coop\/web\/wp-json\/wp\/v2\/posts\/2669","targetHints":{"allow":["GET"]}}],"collection":[{"href":"https:\/\/fecovi.coop\/web\/wp-json\/wp\/v2\/posts"}],"about":[{"href":"https:\/\/fecovi.coop\/web\/wp-json\/wp\/v2\/types\/post"}],"author":[{"embeddable":true,"href":"https:\/\/fecovi.coop\/web\/wp-json\/wp\/v2\/users\/1"}],"replies":[{"embeddable":true,"href":"https:\/\/fecovi.coop\/web\/wp-json\/wp\/v2\/comments?post=2669"}],"version-history":[{"count":3,"href":"https:\/\/fecovi.coop\/web\/wp-json\/wp\/v2\/posts\/2669\/revisions"}],"predecessor-version":[{"id":2673,"href":"https:\/\/fecovi.coop\/web\/wp-json\/wp\/v2\/posts\/2669\/revisions\/2673"}],"wp:featuredmedia":[{"embeddable":true,"href":"https:\/\/fecovi.coop\/web\/wp-json\/wp\/v2\/media\/2672"}],"wp:attachment":[{"href":"https:\/\/fecovi.coop\/web\/wp-json\/wp\/v2\/media?parent=2669"}],"wp:term":[{"taxonomy":"category","embeddable":true,"href":"https:\/\/fecovi.coop\/web\/wp-json\/wp\/v2\/categories?post=2669"},{"taxonomy":"post_tag","embeddable":true,"href":"https:\/\/fecovi.coop\/web\/wp-json\/wp\/v2\/tags?post=2669"}],"curies":[{"name":"wp","href":"https:\/\/api.w.org\/{rel}","templated":true}]}}