{"id":2638,"date":"2018-05-25T20:47:48","date_gmt":"2018-05-25T20:47:48","guid":{"rendered":"https:\/\/fecovi.coop\/web\/?p=2638"},"modified":"2018-05-25T20:47:48","modified_gmt":"2018-05-25T20:47:48","slug":"finalizo-el-curso-la-cooperativa-y-el-iat","status":"publish","type":"post","link":"https:\/\/fecovi.coop\/web\/finalizo-el-curso-la-cooperativa-y-el-iat\/","title":{"rendered":"Finaliz\u00f3 el curso \u00abLa cooperativa y el IAT\u00bb"},"content":{"rendered":"<p>En el marco del plan de capacitaci\u00f3n y formaci\u00f3n desarrollado desde la Federaci\u00f3n con el objetivo de orientar y dar apoyo a nuestras cooperativas socias en su organizaci\u00f3n como tales, el <strong>jueves 25 de mayo<\/strong> se dio cierre al curso <strong><em>\u201cLa Cooperativa y el IAT\u201d<\/em><\/strong>, que ven\u00eda desarroll\u00e1ndose todos los jueves desde el 3 de mayo.<\/p>\n<p>El curso tuvo como finalidad capacitar a las cooperativas dot\u00e1ndolas de herramientas para elegir de forma adecuada su <strong>Instituto de Asistencia T\u00e9cnica<\/strong>, y poder desarrollar junto a ellos una relaci\u00f3n fruct\u00edfera durante todo el proceso que culminar\u00e1 con la construcci\u00f3n de las viviendas.<\/p>\n<p>Durante el encuentro, adem\u00e1s de las cuatro cooperativas participantes, se hicieron presentes representantes de 8 Institutos, que respondieron las preguntas formuladas por los cooperativistas iniciando el proceso que culminar\u00e1 con la elecci\u00f3n de su instituto.<\/p>\n<p>El Dr. Alberto Esteves, Secretario General de FECOVI, dio apertura a la \u00a0jornada en nombre del Consejo Directivo de la Federaci\u00f3n, destacando la importancia de estas instancias, asegurando a las cooperativas el respaldo y apoyo de FECOVI y agradeciendo a todos los Institutos por su presencia. Destac\u00f3 adem\u00e1s el apoyo de INACOOP, PROCOOP e INEFOP que colaboran con la financiaci\u00f3n de estas instancias formativas.<\/p>\n<p><a title=\"Fin Curso Cooperativa-IAT\" href=\"https:\/\/www.flickr.com\/photos\/157869824@N05\/albums\/72157697253374205\" data-flickr-embed=\"true\"><img loading=\"lazy\" decoding=\"async\" src=\"https:\/\/farm2.staticflickr.com\/1758\/27481425867_6cdde935c6_z.jpg\" alt=\"Fin Curso Cooperativa-IAT\" width=\"640\" height=\"317\" \/><\/a><script async src=\"\/\/embedr.flickr.com\/assets\/client-code.js\" charset=\"utf-8\"><\/script><\/p>\n","protected":false},"excerpt":{"rendered":"<p>En el marco del plan de capacitaci\u00f3n y formaci\u00f3n desarrollado desde la Federaci\u00f3n con el objetivo de orientar y dar apoyo a nuestras cooperativas socias en su organizaci\u00f3n como tales, &#8230;<\/p>\n","protected":false},"author":1,"featured_media":2640,"comment_status":"closed","ping_status":"closed","sticky":false,"template":"","format":"standard","meta":{"footnotes":""},"categories":[2],"tags":[],"class_list":["post-2638","post","type-post","status-publish","format-standard","has-post-thumbnail","hentry","category-noticias"],"_links":{"self":[{"href":"https:\/\/fecovi.coop\/web\/wp-json\/wp\/v2\/posts\/2638","targetHints":{"allow":["GET"]}}],"collection":[{"href":"https:\/\/fecovi.coop\/web\/wp-json\/wp\/v2\/posts"}],"about":[{"href":"https:\/\/fecovi.coop\/web\/wp-json\/wp\/v2\/types\/post"}],"author":[{"embeddable":true,"href":"https:\/\/fecovi.coop\/web\/wp-json\/wp\/v2\/users\/1"}],"replies":[{"embeddable":true,"href":"https:\/\/fecovi.coop\/web\/wp-json\/wp\/v2\/comments?post=2638"}],"version-history":[{"count":2,"href":"https:\/\/fecovi.coop\/web\/wp-json\/wp\/v2\/posts\/2638\/revisions"}],"predecessor-version":[{"id":2641,"href":"https:\/\/fecovi.coop\/web\/wp-json\/wp\/v2\/posts\/2638\/revisions\/2641"}],"wp:featuredmedia":[{"embeddable":true,"href":"https:\/\/fecovi.coop\/web\/wp-json\/wp\/v2\/media\/2640"}],"wp:attachment":[{"href":"https:\/\/fecovi.coop\/web\/wp-json\/wp\/v2\/media?parent=2638"}],"wp:term":[{"taxonomy":"category","embeddable":true,"href":"https:\/\/fecovi.coop\/web\/wp-json\/wp\/v2\/categories?post=2638"},{"taxonomy":"post_tag","embeddable":true,"href":"https:\/\/fecovi.coop\/web\/wp-json\/wp\/v2\/tags?post=2638"}],"curies":[{"name":"wp","href":"https:\/\/api.w.org\/{rel}","templated":true}]}}