{"id":2622,"date":"2018-05-25T19:23:41","date_gmt":"2018-05-25T19:23:41","guid":{"rendered":"https:\/\/fecovi.coop\/web\/?p=2622"},"modified":"2018-05-25T19:23:41","modified_gmt":"2018-05-25T19:23:41","slug":"invitacion-30-anos-de-cudecoop","status":"publish","type":"post","link":"https:\/\/fecovi.coop\/web\/invitacion-30-anos-de-cudecoop\/","title":{"rendered":"Invitaci\u00f3n: 30 a\u00f1os de Cudecoop"},"content":{"rendered":"<p>En el marco de la celebraci\u00f3n de los 30 a\u00f1os de la Confederaci\u00f3n Uruguaya de Entidades Cooperativas (CUDECOOP), invitamos a participar del espect\u00e1culo que brindar\u00e1 \u00abEl Olimare\u00f1o\u00bb Braulio L\u00f3pez en la Sala Zitarrosa, el d\u00eda 3 de junio a las 18.00 horas.<\/p>\n<p>Quienes deseen asistir al evento deber\u00e1n presentar la invitaci\u00f3n en la boleter\u00eda de la Sala Zitarrosa y canjearla por las acreditaciones (se entregan hasta dos acreditaciones por invitaci\u00f3n)<\/p>\n<p>Las localidades ya se encuentran habilitadas, por lo que ya pueden dirigirse a la Sala <strong>de martes a domingo <\/strong>de 16.00 a 22.00 horas. *Se puede canjear el d\u00eda del evento pero recomendamos hacerlo antes para evitar colas.<\/p>\n<p>Las invitaciones se retiran en la Sede de FECOVI , de lunes a viernes de 14.30 a 20.30 horas, o puede imprimirse y presentarse la impresi\u00f3n de la misma en boleter\u00eda.<\/p>\n<p><strong><span style=\"color: #658e00;\"><a style=\"color: #658e00;\" href=\"https:\/\/fecovi.coop\/web\/wp-content\/uploads\/2018\/05\/Invitacion_Cudecoop.pdf\">Invitacion_Cudecoop<\/a><\/span><\/strong><\/p>\n","protected":false},"excerpt":{"rendered":"<p>En el marco de la celebraci\u00f3n de los 30 a\u00f1os de la Confederaci\u00f3n Uruguaya de Entidades Cooperativas (CUDECOOP), invitamos a participar del espect\u00e1culo que brindar\u00e1 \u00abEl Olimare\u00f1o\u00bb Braulio L\u00f3pez en &#8230;<\/p>\n","protected":false},"author":1,"featured_media":2626,"comment_status":"closed","ping_status":"closed","sticky":false,"template":"","format":"standard","meta":{"footnotes":""},"categories":[2],"tags":[],"class_list":["post-2622","post","type-post","status-publish","format-standard","has-post-thumbnail","hentry","category-noticias"],"_links":{"self":[{"href":"https:\/\/fecovi.coop\/web\/wp-json\/wp\/v2\/posts\/2622","targetHints":{"allow":["GET"]}}],"collection":[{"href":"https:\/\/fecovi.coop\/web\/wp-json\/wp\/v2\/posts"}],"about":[{"href":"https:\/\/fecovi.coop\/web\/wp-json\/wp\/v2\/types\/post"}],"author":[{"embeddable":true,"href":"https:\/\/fecovi.coop\/web\/wp-json\/wp\/v2\/users\/1"}],"replies":[{"embeddable":true,"href":"https:\/\/fecovi.coop\/web\/wp-json\/wp\/v2\/comments?post=2622"}],"version-history":[{"count":3,"href":"https:\/\/fecovi.coop\/web\/wp-json\/wp\/v2\/posts\/2622\/revisions"}],"predecessor-version":[{"id":2637,"href":"https:\/\/fecovi.coop\/web\/wp-json\/wp\/v2\/posts\/2622\/revisions\/2637"}],"wp:featuredmedia":[{"embeddable":true,"href":"https:\/\/fecovi.coop\/web\/wp-json\/wp\/v2\/media\/2626"}],"wp:attachment":[{"href":"https:\/\/fecovi.coop\/web\/wp-json\/wp\/v2\/media?parent=2622"}],"wp:term":[{"taxonomy":"category","embeddable":true,"href":"https:\/\/fecovi.coop\/web\/wp-json\/wp\/v2\/categories?post=2622"},{"taxonomy":"post_tag","embeddable":true,"href":"https:\/\/fecovi.coop\/web\/wp-json\/wp\/v2\/tags?post=2622"}],"curies":[{"name":"wp","href":"https:\/\/api.w.org\/{rel}","templated":true}]}}