{"id":2611,"date":"2018-05-18T20:10:23","date_gmt":"2018-05-18T20:10:23","guid":{"rendered":"https:\/\/fecovi.coop\/web\/?p=2611"},"modified":"2018-05-18T20:10:23","modified_gmt":"2018-05-18T20:10:23","slug":"fecovi-estara-en-paysandu-respaldando-proyecto-ex-paylana","status":"publish","type":"post","link":"https:\/\/fecovi.coop\/web\/fecovi-estara-en-paysandu-respaldando-proyecto-ex-paylana\/","title":{"rendered":"FECOVI estar\u00e1 en Paysand\u00fa respaldando proyecto Ex Paylana"},"content":{"rendered":"<p>El martes 22 de mayo, en Paysand\u00fa, la ministra de Vivienda, Eneida de Le\u00f3n y el intendente Guillermo Caraballo,con presencia de directivos de FECOVI, firmar\u00e1n el convenio que financia la construcci\u00f3n de 120 viviendas en el predio de Ex Paylana<\/p>\n<p>La noticia fue confirmada a FECOVI y las otras organizaciones por el propio intendente. La r\u00fabrica del convenio, en un gesto cargado de simbolismo, se firmar\u00e1 en el propio predio &#8211; a las 19.30 horas- y estar\u00e1 rodeada de la fuerte presencia de las cooperativas y directivos nacionales de las organizaciones.<\/p>\n<p>Se ha planteado, y acordado, que las primeras tres cooperativas que van a construir est\u00e9n afiliadas a Federaciones. Coviappay, que viene trabajando fuertemente con distintas comisiones y su IAT, tendr\u00e1 el cr\u00e9dito en forma directa.<br \/>\nEl citado proyecto, integral e inserto en el Plan Paysand\u00fa de ordenamiento territorial, -en la trama urbana consolidada sobre una importante avenida como es Salto-, incluye servicios de salud, CAIF, polit\u00e9cnico, viviendas para jubilados y espacios p\u00fablicos. Llega para cambiar la ciudad y generar un gran impacto.<\/p>\n<p>La Intendencia, propietaria del predio, se encargar\u00e1 -por decline de la OSE- de realizar extensi\u00f3n de redes de agua potable y saneamiento y as\u00ed entregar cada parcela con todos los servicios a las 8 cooperativas. Luego habr\u00e1 que plantear al MVOTMA y la ANV un espacio, \u00e9ste a\u00f1o, para que estudie los tres proyectos para dar paso a las escrituras e iniciar obras. Las mismas vendr\u00e1n muy bien en una ciudad aquejada de un fuerte desempleo.<\/p>\n<p>Coviappay, con apoyo de FECOVI, contin\u00faa prepar\u00e1ndose para las etapas que se avecinan y trabaja en el ahorro que debe aportar. En su \u00faltima asamblea, en el Cuesta Duarte del PIT-CNT, decidi\u00f3 acompa\u00f1ar la firma del convenio con su masa social.<\/p>\n<p>La oportunidad ser\u00e1 propicia para que se pueda generar un intercambio, a prop\u00f3sito del proyecto y su secuencia, con la misma Ministra. Por otra parte, los directivos de FECOVI son esperados con expectativa por la cooperativa. La instancia derivar\u00e1 en un encuentro. El proyecto avanza con fuerte apoyo desde la Federaci\u00f3n.<\/p>\n<p><img loading=\"lazy\" decoding=\"async\" class=\"alignnone size-medium wp-image-2612\" src=\"https:\/\/fecovi.coop\/web\/wp-content\/uploads\/2018\/05\/image-2-300x200.png\" alt=\"\" width=\"300\" height=\"200\" srcset=\"https:\/\/fecovi.coop\/web\/wp-content\/uploads\/2018\/05\/image-2-300x200.png 300w, https:\/\/fecovi.coop\/web\/wp-content\/uploads\/2018\/05\/image-2.png 642w\" sizes=\"auto, (max-width: 300px) 100vw, 300px\" \/><\/p>\n","protected":false},"excerpt":{"rendered":"<p>El martes 22 de mayo, en Paysand\u00fa, la ministra de Vivienda, Eneida de Le\u00f3n y el intendente Guillermo Caraballo,con presencia de directivos de FECOVI, firmar\u00e1n el convenio que financia la &#8230;<\/p>\n","protected":false},"author":1,"featured_media":2612,"comment_status":"closed","ping_status":"closed","sticky":false,"template":"","format":"standard","meta":{"footnotes":""},"categories":[2],"tags":[],"class_list":["post-2611","post","type-post","status-publish","format-standard","has-post-thumbnail","hentry","category-noticias"],"_links":{"self":[{"href":"https:\/\/fecovi.coop\/web\/wp-json\/wp\/v2\/posts\/2611","targetHints":{"allow":["GET"]}}],"collection":[{"href":"https:\/\/fecovi.coop\/web\/wp-json\/wp\/v2\/posts"}],"about":[{"href":"https:\/\/fecovi.coop\/web\/wp-json\/wp\/v2\/types\/post"}],"author":[{"embeddable":true,"href":"https:\/\/fecovi.coop\/web\/wp-json\/wp\/v2\/users\/1"}],"replies":[{"embeddable":true,"href":"https:\/\/fecovi.coop\/web\/wp-json\/wp\/v2\/comments?post=2611"}],"version-history":[{"count":1,"href":"https:\/\/fecovi.coop\/web\/wp-json\/wp\/v2\/posts\/2611\/revisions"}],"predecessor-version":[{"id":2613,"href":"https:\/\/fecovi.coop\/web\/wp-json\/wp\/v2\/posts\/2611\/revisions\/2613"}],"wp:featuredmedia":[{"embeddable":true,"href":"https:\/\/fecovi.coop\/web\/wp-json\/wp\/v2\/media\/2612"}],"wp:attachment":[{"href":"https:\/\/fecovi.coop\/web\/wp-json\/wp\/v2\/media?parent=2611"}],"wp:term":[{"taxonomy":"category","embeddable":true,"href":"https:\/\/fecovi.coop\/web\/wp-json\/wp\/v2\/categories?post=2611"},{"taxonomy":"post_tag","embeddable":true,"href":"https:\/\/fecovi.coop\/web\/wp-json\/wp\/v2\/tags?post=2611"}],"curies":[{"name":"wp","href":"https:\/\/api.w.org\/{rel}","templated":true}]}}