{"id":2592,"date":"2018-05-07T22:36:21","date_gmt":"2018-05-07T22:36:21","guid":{"rendered":"https:\/\/fecovi.coop\/web\/?p=2592"},"modified":"2018-05-07T22:37:29","modified_gmt":"2018-05-07T22:37:29","slug":"jornada-de-plantacion-en-complejo-bulevar","status":"publish","type":"post","link":"https:\/\/fecovi.coop\/web\/jornada-de-plantacion-en-complejo-bulevar\/","title":{"rendered":"Jornada de plantaci\u00f3n en Complejo Bulevar"},"content":{"rendered":"<p>Como ya es tradici\u00f3n en esta fecha del a\u00f1o, el domingo 6 de mayo la Comisi\u00f3n de Jardiner\u00eda del Complejo Bulevar realiz\u00f3 la jornada de plantaci\u00f3n de 500 \u00abPensamientos\u00bb y \u00abplantines\u00bb en los jardines y canteros de la cooperativa. Familias y vecinos que disfrutaban de las actividades recreativas del Complejo se acercaron a colaborar en la tarea que comenz\u00f3 en la ma\u00f1ana y continu\u00f3 hasta cerca de las 14.00 horas.<\/p>\n<p><a title=\"Complejo Bulevar\" href=\"https:\/\/www.flickr.com\/photos\/157869824@N05\/albums\/72157696565075005\" data-flickr-embed=\"true\"><img loading=\"lazy\" decoding=\"async\" src=\"https:\/\/farm1.staticflickr.com\/982\/41062514855_ca32df0f0a_z.jpg\" alt=\"Complejo Bulevar\" width=\"504\" height=\"640\" \/><\/a><script async src=\"\/\/embedr.flickr.com\/assets\/client-code.js\" charset=\"utf-8\"><\/script><\/p>\n","protected":false},"excerpt":{"rendered":"<p>Como ya es tradici\u00f3n en esta fecha del a\u00f1o, el domingo 6 de mayo la Comisi\u00f3n de Jardiner\u00eda del Complejo Bulevar realiz\u00f3 la jornada de plantaci\u00f3n de 500 \u00abPensamientos\u00bb y &#8230;<\/p>\n","protected":false},"author":1,"featured_media":2603,"comment_status":"closed","ping_status":"closed","sticky":false,"template":"","format":"standard","meta":{"footnotes":""},"categories":[2],"tags":[],"class_list":["post-2592","post","type-post","status-publish","format-standard","has-post-thumbnail","hentry","category-noticias"],"_links":{"self":[{"href":"https:\/\/fecovi.coop\/web\/wp-json\/wp\/v2\/posts\/2592","targetHints":{"allow":["GET"]}}],"collection":[{"href":"https:\/\/fecovi.coop\/web\/wp-json\/wp\/v2\/posts"}],"about":[{"href":"https:\/\/fecovi.coop\/web\/wp-json\/wp\/v2\/types\/post"}],"author":[{"embeddable":true,"href":"https:\/\/fecovi.coop\/web\/wp-json\/wp\/v2\/users\/1"}],"replies":[{"embeddable":true,"href":"https:\/\/fecovi.coop\/web\/wp-json\/wp\/v2\/comments?post=2592"}],"version-history":[{"count":5,"href":"https:\/\/fecovi.coop\/web\/wp-json\/wp\/v2\/posts\/2592\/revisions"}],"predecessor-version":[{"id":2605,"href":"https:\/\/fecovi.coop\/web\/wp-json\/wp\/v2\/posts\/2592\/revisions\/2605"}],"wp:featuredmedia":[{"embeddable":true,"href":"https:\/\/fecovi.coop\/web\/wp-json\/wp\/v2\/media\/2603"}],"wp:attachment":[{"href":"https:\/\/fecovi.coop\/web\/wp-json\/wp\/v2\/media?parent=2592"}],"wp:term":[{"taxonomy":"category","embeddable":true,"href":"https:\/\/fecovi.coop\/web\/wp-json\/wp\/v2\/categories?post=2592"},{"taxonomy":"post_tag","embeddable":true,"href":"https:\/\/fecovi.coop\/web\/wp-json\/wp\/v2\/tags?post=2592"}],"curies":[{"name":"wp","href":"https:\/\/api.w.org\/{rel}","templated":true}]}}