{"id":2575,"date":"2018-04-30T20:40:27","date_gmt":"2018-04-30T20:40:27","guid":{"rendered":"https:\/\/fecovi.coop\/web\/?p=2575"},"modified":"2018-04-30T20:40:27","modified_gmt":"2018-04-30T20:40:27","slug":"nueva-casa-para-cudecoop","status":"publish","type":"post","link":"https:\/\/fecovi.coop\/web\/nueva-casa-para-cudecoop\/","title":{"rendered":"Nueva casa para Cudecoop"},"content":{"rendered":"<p>En la tarde del lunes 30 de abril se llev\u00f3 a cabo la escritura de compraventa mediante la cual FECOVI vendi\u00f3 a Cudecoop la Unidad 502 del Edificio Lapido. Ubicado en 18 de Julio 948, el inmueble pasar\u00e1 a ser la nueva casa de la Confederaci\u00f3n, lo que representa la adquisici\u00f3n de la primera sede propia. \u00a1Felicitaciones!<\/p>\n<p><img loading=\"lazy\" decoding=\"async\" class=\"alignnone size-medium wp-image-2576\" src=\"https:\/\/fecovi.coop\/web\/wp-content\/uploads\/2018\/04\/Lapido1-300x149.jpg\" alt=\"\" width=\"300\" height=\"149\" srcset=\"https:\/\/fecovi.coop\/web\/wp-content\/uploads\/2018\/04\/Lapido1-300x149.jpg 300w, https:\/\/fecovi.coop\/web\/wp-content\/uploads\/2018\/04\/Lapido1-768x381.jpg 768w, https:\/\/fecovi.coop\/web\/wp-content\/uploads\/2018\/04\/Lapido1.jpg 800w\" sizes=\"auto, (max-width: 300px) 100vw, 300px\" \/> <img loading=\"lazy\" decoding=\"async\" class=\"alignnone size-medium wp-image-2577\" src=\"https:\/\/fecovi.coop\/web\/wp-content\/uploads\/2018\/04\/Lapido2-300x180.jpg\" alt=\"\" width=\"300\" height=\"180\" srcset=\"https:\/\/fecovi.coop\/web\/wp-content\/uploads\/2018\/04\/Lapido2-300x180.jpg 300w, https:\/\/fecovi.coop\/web\/wp-content\/uploads\/2018\/04\/Lapido2-768x460.jpg 768w, https:\/\/fecovi.coop\/web\/wp-content\/uploads\/2018\/04\/Lapido2.jpg 800w\" sizes=\"auto, (max-width: 300px) 100vw, 300px\" \/><\/p>\n","protected":false},"excerpt":{"rendered":"<p>En la tarde del lunes 30 de abril se llev\u00f3 a cabo la escritura de compraventa mediante la cual FECOVI vendi\u00f3 a Cudecoop la Unidad 502 del Edificio Lapido. Ubicado &#8230;<\/p>\n","protected":false},"author":1,"featured_media":2577,"comment_status":"closed","ping_status":"closed","sticky":false,"template":"","format":"standard","meta":{"footnotes":""},"categories":[2],"tags":[],"class_list":["post-2575","post","type-post","status-publish","format-standard","has-post-thumbnail","hentry","category-noticias"],"_links":{"self":[{"href":"https:\/\/fecovi.coop\/web\/wp-json\/wp\/v2\/posts\/2575","targetHints":{"allow":["GET"]}}],"collection":[{"href":"https:\/\/fecovi.coop\/web\/wp-json\/wp\/v2\/posts"}],"about":[{"href":"https:\/\/fecovi.coop\/web\/wp-json\/wp\/v2\/types\/post"}],"author":[{"embeddable":true,"href":"https:\/\/fecovi.coop\/web\/wp-json\/wp\/v2\/users\/1"}],"replies":[{"embeddable":true,"href":"https:\/\/fecovi.coop\/web\/wp-json\/wp\/v2\/comments?post=2575"}],"version-history":[{"count":1,"href":"https:\/\/fecovi.coop\/web\/wp-json\/wp\/v2\/posts\/2575\/revisions"}],"predecessor-version":[{"id":2578,"href":"https:\/\/fecovi.coop\/web\/wp-json\/wp\/v2\/posts\/2575\/revisions\/2578"}],"wp:featuredmedia":[{"embeddable":true,"href":"https:\/\/fecovi.coop\/web\/wp-json\/wp\/v2\/media\/2577"}],"wp:attachment":[{"href":"https:\/\/fecovi.coop\/web\/wp-json\/wp\/v2\/media?parent=2575"}],"wp:term":[{"taxonomy":"category","embeddable":true,"href":"https:\/\/fecovi.coop\/web\/wp-json\/wp\/v2\/categories?post=2575"},{"taxonomy":"post_tag","embeddable":true,"href":"https:\/\/fecovi.coop\/web\/wp-json\/wp\/v2\/tags?post=2575"}],"curies":[{"name":"wp","href":"https:\/\/api.w.org\/{rel}","templated":true}]}}