{"id":2534,"date":"2018-04-16T19:38:51","date_gmt":"2018-04-16T19:38:51","guid":{"rendered":"https:\/\/fecovi.coop\/web\/?p=2534"},"modified":"2018-04-16T19:40:54","modified_gmt":"2018-04-16T19:40:54","slug":"fecovi-y-coviappay-en-la-53-semana-de-la-cerveza","status":"publish","type":"post","link":"https:\/\/fecovi.coop\/web\/fecovi-y-coviappay-en-la-53-semana-de-la-cerveza\/","title":{"rendered":"FECOVI y Coviappay en la 53\u00b0 Semana de la Cerveza"},"content":{"rendered":"<p>FECOVI y cooperativa Coviappay se hicieron presentes durante el desarrollo de la reciente 53\u00b0 semana de la Cerveza. Con presencia en un stand ubicado la Carpa de la Mesa Intercooperativa de Paysand\u00fa, compa\u00f1eros de la Coviappay realizaron la difusi\u00f3n de nuestra Federaci\u00f3n as\u00ed como de la cooperativa, fundada el pasado a\u00f1o en el marco de la pol\u00edtica de desarrollo de FECOVI en el interior, y con la firme voluntad de ser parte del proyecto en el expredio fabril Paylana de esa ciudad.<\/p>\n<p>La presencia de la Carpa fue una iniciativa de la Mesa Departamental, y cont\u00f3 con el respaldo y aporte econ\u00f3mico de FECOVI, as\u00ed como con el apoyo de INACCOP.<\/p>\n<p>La actividad, realizada d\u00eda a d\u00eda, entre el s\u00e1bado 24 de marzo y el 1\u00ba de abril, se respald\u00f3 con folleter\u00eda, videos, banners, banderas, charlas y la presencia de cooperativistas que compartieron espacio con otras organizaciones. La fuerte cobertura medi\u00e1tica del evento, por parte de medios locales y regionales, tambi\u00e9n ayud\u00f3 a visibilizar nuestra presencia.<\/p>\n<p>La Carpa se ubic\u00f3 sobre uno de los ingresos al predio, lo que facilit\u00f3 que la gente se detuviera, dialogara y recibiera folleter\u00eda, reparti\u00e9ndose todo el material con el que se contaba. INACCOP tambi\u00e9n aport\u00f3 su informaci\u00f3n.<\/p>\n<p>Fruto del di\u00e1logo con la gente se detectaron unos 15\/20 interesados en ingresar a la cooperativa.<\/p>\n<p>Durante uno de los d\u00edas de participaci\u00f3n, se organiz\u00f3 con los compa\u00f1eros de la Mesa, y con la cooperativa de educadores y artistas (Cymbal), un Ludo Cooperativo para ni\u00f1os entre 8 y 12 a\u00f1os. Por su parte, la cooperativa textil Tacuab\u00e9, afincada en el predio de la Ex Paylana, sorte\u00f3 una manta el d\u00eda del cierre.<\/p>\n<p>Tambi\u00e9n se recibi\u00f3 la visita de autoridades municipales, entre ellas el propio intendente, Guillermo Caraballo, que salud\u00f3 el esfuerzo y la presencia de las Federaciones y cooperativas.<\/p>\n<p>Estimaciones preliminares se\u00f1alan que a lo largo de la semana circularon por el predio m\u00e1s de 80 mil personas. Por otra parte, diversidad de actividades conexas se desplegaron en distintas<br \/>\npartes de la ciudad y el Departamento. El lema fue \u201cPaysand\u00fa de fiesta\u201d.<\/p>\n<p>En los pr\u00f3ximos d\u00edas se realizar\u00e1, con m\u00e1s elementos, la correspondiente evaluaci\u00f3n a nivel de la Mesa y tambi\u00e9n de la cooperativa. Para Coviappay fue una de sus primeras experiencias de \u201csalida a la calle\u201d, lo que requiri\u00f3 organizaci\u00f3n. Es \u00fatil se\u00f1alar que los turnos previstos, d\u00eda a d\u00eda se cumplieron, a cabalidad.<\/p>\n<p>Dar\u00edo Rodr\u00edguez, Paysand\u00fa.<\/p>\n","protected":false},"excerpt":{"rendered":"<p>FECOVI y cooperativa Coviappay se hicieron presentes durante el desarrollo de la reciente 53\u00b0 semana de la Cerveza. Con presencia en un stand ubicado la Carpa de la Mesa Intercooperativa &#8230;<\/p>\n","protected":false},"author":1,"featured_media":2537,"comment_status":"closed","ping_status":"closed","sticky":false,"template":"","format":"standard","meta":{"footnotes":""},"categories":[2],"tags":[],"class_list":["post-2534","post","type-post","status-publish","format-standard","has-post-thumbnail","hentry","category-noticias"],"_links":{"self":[{"href":"https:\/\/fecovi.coop\/web\/wp-json\/wp\/v2\/posts\/2534","targetHints":{"allow":["GET"]}}],"collection":[{"href":"https:\/\/fecovi.coop\/web\/wp-json\/wp\/v2\/posts"}],"about":[{"href":"https:\/\/fecovi.coop\/web\/wp-json\/wp\/v2\/types\/post"}],"author":[{"embeddable":true,"href":"https:\/\/fecovi.coop\/web\/wp-json\/wp\/v2\/users\/1"}],"replies":[{"embeddable":true,"href":"https:\/\/fecovi.coop\/web\/wp-json\/wp\/v2\/comments?post=2534"}],"version-history":[{"count":1,"href":"https:\/\/fecovi.coop\/web\/wp-json\/wp\/v2\/posts\/2534\/revisions"}],"predecessor-version":[{"id":2538,"href":"https:\/\/fecovi.coop\/web\/wp-json\/wp\/v2\/posts\/2534\/revisions\/2538"}],"wp:featuredmedia":[{"embeddable":true,"href":"https:\/\/fecovi.coop\/web\/wp-json\/wp\/v2\/media\/2537"}],"wp:attachment":[{"href":"https:\/\/fecovi.coop\/web\/wp-json\/wp\/v2\/media?parent=2534"}],"wp:term":[{"taxonomy":"category","embeddable":true,"href":"https:\/\/fecovi.coop\/web\/wp-json\/wp\/v2\/categories?post=2534"},{"taxonomy":"post_tag","embeddable":true,"href":"https:\/\/fecovi.coop\/web\/wp-json\/wp\/v2\/tags?post=2534"}],"curies":[{"name":"wp","href":"https:\/\/api.w.org\/{rel}","templated":true}]}}