{"id":2517,"date":"2018-04-04T19:21:27","date_gmt":"2018-04-04T19:21:27","guid":{"rendered":"https:\/\/fecovi.coop\/web\/?p=2517"},"modified":"2018-04-04T19:21:44","modified_gmt":"2018-04-04T19:21:44","slug":"convocatoria-a-participar-del-programa-3-seminario-regional-cooperativo-los-jovenes-y-el-desarrollo-cooperativo","status":"publish","type":"post","link":"https:\/\/fecovi.coop\/web\/convocatoria-a-participar-del-programa-3-seminario-regional-cooperativo-los-jovenes-y-el-desarrollo-cooperativo\/","title":{"rendered":"Convocatoria a participar del Programa 3\u00b0 Seminario Regional Cooperativo: \u00abLos j\u00f3venes y el desarrollo cooperativo\u00bb"},"content":{"rendered":"<p>Desde FECOVI hacemos extensiva la convocatoria enviada desde CUDECOOP, que invita a j\u00f3venes cooperativistas interesados en participar del\u00a0<b>3er Seminario Regional Cooperativo de Juventud de las Am\u00e9ricas, <\/b>que se realizar\u00e1\u00a0del 08 al 11 de junio del presente a\u00f1o en Rep\u00fablica Dominicana.<\/p>\n<p>Desde CUDECOOP se financiar\u00e1 el costo del Seminario de una persona, equivalente a US$450 que cubren 3 noches de hospedaje en habitaci\u00f3n compartida (2 personas por habitaci\u00f3n) en un sistema todo incluido: desayunos, almuerzos, cenas, internet inal\u00e1mbrico, material did\u00e1ctico, certificado de participaci\u00f3n, conferencias y talleres, impuestos de venta y uso de las instalaciones del Hotel Coopmarena Beach Resort donde ser\u00e1 la sede del evento.<\/p>\n<p><strong>En caso de presentarse m\u00e1s de una persona se realizar\u00e1 un sorteo.\u00a0<\/strong><\/p>\n<p>Durante el Seminario se tratar\u00e1n los siguientes temas:\u00a0<b>Los J\u00f3venes y la Revoluci\u00f3n Digital, Desaf\u00edos para las Empresas; Nuevos Modelos de Negocios Impulsado por la Tecnolog\u00eda Rob\u00f3tica de Servicios; Modelo de Servicio, la base de la conexi\u00f3n con el asociado; Los j\u00f3venes y el Modelo Cooperativo, viviendo el Futuro; Liderazgo Transformador,\u00a0<\/b>entre otros aspectos de inter\u00e9s es un Conversatorio con el Presidente de la Alianza Internacional de Cooperativas\u00a0<strong>Ariel Guarcoy<\/strong> el Presidente de Cooperativas de las Am\u00e9ricas\u00a0<b>Ram\u00f3n Imperial.<u><\/u><u><\/u><\/b><\/p>\n<p><span style=\"color: #658e00;\"><strong><a style=\"color: #658e00;\" href=\"https:\/\/fecovi.coop\/web\/wp-content\/uploads\/2018\/04\/eec17bca-c35f-4279-a6a2-22359b2fed51.jpg\" target=\"_blank\" rel=\"noopener\">VER PROGRAMA COMPLETO<\/a><\/strong><\/span><\/p>\n<p>Organiza esta actividad el\u00a0<u><\/u>Comit\u00e9 Regional de Juventud de Cooperativas de las Am\u00e9ricas, con el fin de aportar a la formaci\u00f3n y crecimiento de la juventud cooperativista, que como efecto tendr\u00e1 una mejora en el modelo cooperativo donde estos se desarrollen.<u><\/u><u><\/u><\/p>\n<div class=\"yj6qo ajU\">\n<div id=\":ik\" class=\"ajR\" tabindex=\"0\" role=\"button\" data-tooltip=\"Mostrar contenido reducido\" aria-label=\"Mostrar contenido reducido\"><img decoding=\"async\" class=\"ajT\" src=\"https:\/\/ssl.gstatic.com\/ui\/v1\/icons\/mail\/images\/cleardot.gif\" \/>Los interesados en postularse deber\u00e1n enviar CV y aval de la cooperativa a: <strong>administracion@fecovi.coop<\/strong><\/div>\n<\/div>\n<p>&nbsp;<\/p>\n<p class=\"m_-5359043078568643359m_-7504653910820564786Default\"><u><\/u>\u00a0<u><\/u><\/p>\n<p class=\"m_-5359043078568643359m_-7504653910820564786Default\">Este evento est\u00e1 dirigido a j\u00f3venes y Directivos de las Regi\u00f3n de Am\u00e9rica<\/p>\n","protected":false},"excerpt":{"rendered":"<p>Desde FECOVI hacemos extensiva la convocatoria enviada desde CUDECOOP, que invita a j\u00f3venes cooperativistas interesados en participar del\u00a03er Seminario Regional Cooperativo de Juventud de las Am\u00e9ricas, que se realizar\u00e1\u00a0del 08 &#8230;<\/p>\n","protected":false},"author":1,"featured_media":2519,"comment_status":"closed","ping_status":"closed","sticky":false,"template":"","format":"standard","meta":{"footnotes":""},"categories":[2],"tags":[],"class_list":["post-2517","post","type-post","status-publish","format-standard","has-post-thumbnail","hentry","category-noticias"],"_links":{"self":[{"href":"https:\/\/fecovi.coop\/web\/wp-json\/wp\/v2\/posts\/2517","targetHints":{"allow":["GET"]}}],"collection":[{"href":"https:\/\/fecovi.coop\/web\/wp-json\/wp\/v2\/posts"}],"about":[{"href":"https:\/\/fecovi.coop\/web\/wp-json\/wp\/v2\/types\/post"}],"author":[{"embeddable":true,"href":"https:\/\/fecovi.coop\/web\/wp-json\/wp\/v2\/users\/1"}],"replies":[{"embeddable":true,"href":"https:\/\/fecovi.coop\/web\/wp-json\/wp\/v2\/comments?post=2517"}],"version-history":[{"count":1,"href":"https:\/\/fecovi.coop\/web\/wp-json\/wp\/v2\/posts\/2517\/revisions"}],"predecessor-version":[{"id":2521,"href":"https:\/\/fecovi.coop\/web\/wp-json\/wp\/v2\/posts\/2517\/revisions\/2521"}],"wp:featuredmedia":[{"embeddable":true,"href":"https:\/\/fecovi.coop\/web\/wp-json\/wp\/v2\/media\/2519"}],"wp:attachment":[{"href":"https:\/\/fecovi.coop\/web\/wp-json\/wp\/v2\/media?parent=2517"}],"wp:term":[{"taxonomy":"category","embeddable":true,"href":"https:\/\/fecovi.coop\/web\/wp-json\/wp\/v2\/categories?post=2517"},{"taxonomy":"post_tag","embeddable":true,"href":"https:\/\/fecovi.coop\/web\/wp-json\/wp\/v2\/tags?post=2517"}],"curies":[{"name":"wp","href":"https:\/\/api.w.org\/{rel}","templated":true}]}}