{"id":2484,"date":"2018-03-13T22:35:59","date_gmt":"2018-03-13T22:35:59","guid":{"rendered":"https:\/\/fecovi.coop\/web\/?p=2484"},"modified":"2018-04-18T22:04:56","modified_gmt":"2018-04-18T22:04:56","slug":"mesa-redonda-sobre-genero-mujeres-cooperativistas-en-dialogo-con-la-intendencia-de-montevideo","status":"publish","type":"post","link":"https:\/\/fecovi.coop\/web\/mesa-redonda-sobre-genero-mujeres-cooperativistas-en-dialogo-con-la-intendencia-de-montevideo\/","title":{"rendered":"Homenaje a Zulma Perdomo: 40 a\u00f1os de militancia en el cooperativismo"},"content":{"rendered":"<p>En el marco de las actividades realizadas durante el mes de la mujer, el pasado\u00a0viernes 16 de marzo tuvo lugar en la cooperativa de viviendas en construcci\u00f3n\u00a0COVIALFA (FUCVAM) -ubicada en La Paz y Barrios Amor\u00edn-,\u00a0 la mesa redonda sobre g\u00e9nero\u00a0\u00abMujeres cooperativistas en di\u00e1logo con la Intendencia de Montevideo\u00bb.<br \/>\nOrganizada desde la Unidad de Econom\u00eda Social de la Intendencia de Montevideo y Cudecoop, el encuentro tuvo como objetivo generar un espacio de intercambio en el que la Intendencia y las organizaciones cooperativas tuviesen la oportunidad de dialogar sobre las realidades y demandas de las mujeres del sector.<br \/>\nEn ese \u00e1mbito, desde la Confederaci\u00f3n se consider\u00f3 ocasi\u00f3n oportuna para poder rendir homenaje a la Sra. Zulma Perdomo, quien desde hace 40 a\u00f1os viene trabajando activamente en pro del movimiento cooperativista de nuestro pa\u00eds, atendiendo de cerca la demanda de las mujeres del sector, habiendo integrado el ejecutivo de Cudecoop y presidido la Comisi\u00f3n de G\u00e9nero en dicha instituci\u00f3n.<br \/>\nParticipante activa en la Comisi\u00f3n de Mujeres de ACI Am\u00e9rica, Zulma ha integrado diferentes comisiones de g\u00e9nero en FECOVI a lo largo de los a\u00f1os, a trav\u00e9s de las cuales se lograron realizar numerosas actividades de gran convocatoria y alcance tanto a mujeres como a j\u00f3venes y adultos mayores.<br \/>\nLuchadora constante por el logro de la vivienda digna, Zulma ha formado parte del Consejo Directivo de FECOVI desde el a\u00f1o 1983, habiendo trabajado junto al equipo apoyado por las cooperativas suecas hasta el final del proyecto, siendo destacada en dicho momento con una menci\u00f3n especial por su apoyo y militancia. Desde entonces ha venido integrando diferentes comisiones de trabajo, desarrollando el rol de Vicepresidenta en 2 oportunidades, y actualmente desempe\u00f1ando tareas como vocal.<br \/>\nDurente todos estos a\u00f1os, Zulma ha realizado una constante labor de cercano seguimiento y acompa\u00f1amiento a las cooperativas federadas, tanto a las \u201cviejas\u201d como a los nuevos grupos que reci\u00e9n se inician, compartiendo y participando de las diferentes etapas del proceso, llevando la experiencia y an\u00e9cdotas personales de quien hace 35 a\u00f1os integra una cooperativa de viviendas.<br \/>\nSiempre con \u201cla camiseta puesta\u201d, Zulma ha sabido transmitir el mensaje del cooperativismo como valor y forma de vida. Vaya en este merecido homenaje, el agradecimiento y las felicitaciones desde la Federaci\u00f3n.<\/p>\n<p><a title=\"Homenaje Zulma\" href=\"https:\/\/www.flickr.com\/photos\/157869824@N05\/albums\/72157667950803568\" data-flickr-embed=\"true\"><img loading=\"lazy\" decoding=\"async\" src=\"https:\/\/farm1.staticflickr.com\/824\/41547218761_c426679389_z.jpg\" alt=\"Homenaje Zulma\" width=\"640\" height=\"475\" \/><\/a><script async src=\"\/\/embedr.flickr.com\/assets\/client-code.js\" charset=\"utf-8\"><\/script><\/p>\n","protected":false},"excerpt":{"rendered":"<p>En el marco de las actividades realizadas durante el mes de la mujer, el pasado\u00a0viernes 16 de marzo tuvo lugar en la cooperativa de viviendas en construcci\u00f3n\u00a0COVIALFA (FUCVAM) -ubicada en &#8230;<\/p>\n","protected":false},"author":1,"featured_media":2563,"comment_status":"closed","ping_status":"closed","sticky":false,"template":"","format":"standard","meta":{"footnotes":""},"categories":[2],"tags":[],"class_list":["post-2484","post","type-post","status-publish","format-standard","has-post-thumbnail","hentry","category-noticias"],"_links":{"self":[{"href":"https:\/\/fecovi.coop\/web\/wp-json\/wp\/v2\/posts\/2484","targetHints":{"allow":["GET"]}}],"collection":[{"href":"https:\/\/fecovi.coop\/web\/wp-json\/wp\/v2\/posts"}],"about":[{"href":"https:\/\/fecovi.coop\/web\/wp-json\/wp\/v2\/types\/post"}],"author":[{"embeddable":true,"href":"https:\/\/fecovi.coop\/web\/wp-json\/wp\/v2\/users\/1"}],"replies":[{"embeddable":true,"href":"https:\/\/fecovi.coop\/web\/wp-json\/wp\/v2\/comments?post=2484"}],"version-history":[{"count":5,"href":"https:\/\/fecovi.coop\/web\/wp-json\/wp\/v2\/posts\/2484\/revisions"}],"predecessor-version":[{"id":2566,"href":"https:\/\/fecovi.coop\/web\/wp-json\/wp\/v2\/posts\/2484\/revisions\/2566"}],"wp:featuredmedia":[{"embeddable":true,"href":"https:\/\/fecovi.coop\/web\/wp-json\/wp\/v2\/media\/2563"}],"wp:attachment":[{"href":"https:\/\/fecovi.coop\/web\/wp-json\/wp\/v2\/media?parent=2484"}],"wp:term":[{"taxonomy":"category","embeddable":true,"href":"https:\/\/fecovi.coop\/web\/wp-json\/wp\/v2\/categories?post=2484"},{"taxonomy":"post_tag","embeddable":true,"href":"https:\/\/fecovi.coop\/web\/wp-json\/wp\/v2\/tags?post=2484"}],"curies":[{"name":"wp","href":"https:\/\/api.w.org\/{rel}","templated":true}]}}