{"id":2480,"date":"2018-03-13T21:16:55","date_gmt":"2018-03-13T21:16:55","guid":{"rendered":"https:\/\/fecovi.coop\/web\/?p=2480"},"modified":"2018-03-13T21:17:24","modified_gmt":"2018-03-13T21:17:24","slug":"cooperativistas-participaron-del-taller-cuota-y-subsidio","status":"publish","type":"post","link":"https:\/\/fecovi.coop\/web\/cooperativistas-participaron-del-taller-cuota-y-subsidio\/","title":{"rendered":"Cooperativistas participaron del Taller \u00abCuota y Subsidio\u00bb"},"content":{"rendered":"<p>En el marco del ciclo de formaci\u00f3n \u201cCapacitaci\u00f3n para cooperativas pr\u00f3ximas a habitar o recientemente habitadas\u201d, se llev\u00f3 a cabo el mi\u00e9rcoles 7 de marzo el taller <strong>\u201cCuota y Subsidio: c\u00e1lculo y alternativas para la distribuci\u00f3n de cuota; derecho a subsidio\u201d<\/strong>, a cargo de los Economistas Mariana Garc\u00eda y Hugo Dufrechou, integrantes de la Cooperativa de Economistas Comuna, quienes vienen trabajando con la Federaci\u00f3n desde el a\u00f1o 2017 a los efectos de asesorar en los diversos temas econ\u00f3micos y de la plataforma gremial.<br \/>\nEn la oportunidad, la actividad estuvo dirigida a integrantes de las cooperativas Andamios, Alondra del Prado, Ra\u00edces Nuevas, Nueva Era, Puebla y Gardeliana Sur, contando con la asistencia de representantes de cada una de ellas.<br \/>\nEn una primera instancia, los Economistas realizaron una presentaci\u00f3n de los temas para luego dar lugar a un espacio de trabajo en equipo, generando una din\u00e1mica de intercambio muy productiva.<br \/>\nEl taller fue positivamente valorado por todos los participantes, quienes solicitaron una segunda instancia de encuentro con el fin de continuar profundizando en el tema de Subsidios. Esta segunda parte del taller qued\u00f3 agendada para el pr\u00f3ximo <strong>martes 20 de marzo<\/strong> a las <strong>18.30 horas<\/strong> en la sede de FECOVI.<br \/>\nPara el segundo semestre del a\u00f1o, est\u00e1 previsto realizar una segunda edici\u00f3n de esta propuesta, en la que se convocar\u00e1 a participar a otras cooperativas socias.<\/p>\n<p><a title=\"Taller &quot;Cuota y Subsidio&quot; (7.03.18)\" href=\"https:\/\/www.flickr.com\/photos\/157869824@N05\/albums\/72157688765688130\" data-flickr-embed=\"true\"><img loading=\"lazy\" decoding=\"async\" src=\"https:\/\/farm5.staticflickr.com\/4785\/25922466887_11d4261af7_z.jpg\" alt=\"Taller &quot;Cuota y Subsidio&quot; (7.03.18)\" width=\"640\" height=\"354\" \/><\/a><script async src=\"\/\/embedr.flickr.com\/assets\/client-code.js\" charset=\"utf-8\"><\/script><\/p>\n","protected":false},"excerpt":{"rendered":"<p>En el marco del ciclo de formaci\u00f3n \u201cCapacitaci\u00f3n para cooperativas pr\u00f3ximas a habitar o recientemente habitadas\u201d, se llev\u00f3 a cabo el mi\u00e9rcoles 7 de marzo el taller \u201cCuota y Subsidio: &#8230;<\/p>\n","protected":false},"author":1,"featured_media":2481,"comment_status":"closed","ping_status":"closed","sticky":false,"template":"","format":"standard","meta":{"footnotes":""},"categories":[2],"tags":[],"class_list":["post-2480","post","type-post","status-publish","format-standard","has-post-thumbnail","hentry","category-noticias"],"_links":{"self":[{"href":"https:\/\/fecovi.coop\/web\/wp-json\/wp\/v2\/posts\/2480","targetHints":{"allow":["GET"]}}],"collection":[{"href":"https:\/\/fecovi.coop\/web\/wp-json\/wp\/v2\/posts"}],"about":[{"href":"https:\/\/fecovi.coop\/web\/wp-json\/wp\/v2\/types\/post"}],"author":[{"embeddable":true,"href":"https:\/\/fecovi.coop\/web\/wp-json\/wp\/v2\/users\/1"}],"replies":[{"embeddable":true,"href":"https:\/\/fecovi.coop\/web\/wp-json\/wp\/v2\/comments?post=2480"}],"version-history":[{"count":2,"href":"https:\/\/fecovi.coop\/web\/wp-json\/wp\/v2\/posts\/2480\/revisions"}],"predecessor-version":[{"id":2483,"href":"https:\/\/fecovi.coop\/web\/wp-json\/wp\/v2\/posts\/2480\/revisions\/2483"}],"wp:featuredmedia":[{"embeddable":true,"href":"https:\/\/fecovi.coop\/web\/wp-json\/wp\/v2\/media\/2481"}],"wp:attachment":[{"href":"https:\/\/fecovi.coop\/web\/wp-json\/wp\/v2\/media?parent=2480"}],"wp:term":[{"taxonomy":"category","embeddable":true,"href":"https:\/\/fecovi.coop\/web\/wp-json\/wp\/v2\/categories?post=2480"},{"taxonomy":"post_tag","embeddable":true,"href":"https:\/\/fecovi.coop\/web\/wp-json\/wp\/v2\/tags?post=2480"}],"curies":[{"name":"wp","href":"https:\/\/api.w.org\/{rel}","templated":true}]}}