{"id":2462,"date":"2018-03-02T20:05:10","date_gmt":"2018-03-02T20:05:10","guid":{"rendered":"https:\/\/fecovi.coop\/web\/?p=2462"},"modified":"2018-03-02T20:05:10","modified_gmt":"2018-03-02T20:05:10","slug":"novedades-de-cooperativa-coviappay","status":"publish","type":"post","link":"https:\/\/fecovi.coop\/web\/novedades-de-cooperativa-coviappay\/","title":{"rendered":"Novedades de Cooperativa Coviappay"},"content":{"rendered":"<p>El lunes 26 de febrero, el asesor de FECOVI en Paysand\u00fa, con asistencia de la cooperativa Coviappay, realiz\u00f3 una charla de presentaci\u00f3n de la Federaci\u00f3n y del sistema cooperativo para nuevas familias aspirantes a ingresar a dicho colectivo.<\/p>\n<p>Fundada el pasado a\u00f1o, en el marco de la pol\u00edtica de desarrollo de FECOVI en el interior, y con la firme voluntad de ser parte del proyecto en el expredio fabril Paylana, la Cooperativa de vivienda de ahorro previo Paysand\u00fa &#8211; Coviappay recibi\u00f3 hace pocas semanas la noticia de la aprobaci\u00f3n de la personer\u00eda jur\u00eddica y el respectivo estatuto, sum\u00e1ndose as\u00ed a las cooperativas Covisan 7 y Coviapa, afiliadas y habitadas desde hace a\u00f1os. Entretanto, se concret\u00f3 la formalizaci\u00f3n, para lo que se ha venido trabajando mucho y con un constante seguimiento y apoyo desde la asesor\u00eda.<\/p>\n<p>Adem\u00e1s, la Federaci\u00f3n estructur\u00f3 con sus equipos sociales una serie de talleres fortaleciendo al conjunto y sus respectivas comisiones; y en unas tres ocasiones, directivos de la Federaci\u00f3n estuvieron con la cooperativa en la capital departamental.<\/p>\n<p>Desde la cooperativa, delegados tuvieron la grata experiencia de participar como invitados en la \u00faltima asamblea de FECOVI.<\/p>\n<p>A los efectos de completar el padr\u00f3n social, hoy con unos 18 socios de 30 previstos, se decidi\u00f3 realizar visitas a colectivos de trabajo y tener presencia en los medios de informaci\u00f3n. En este sentido, a nivel de medios ya se estuvo presente en CW 35 y la Otra FM (radio comunitaria con mucha inserci\u00f3n en el mundo social y cooperativo, y en pocas d\u00edas saldr\u00e1 una publicaci\u00f3n en El Telegr\u00e1fo, peri\u00f3dico de referencia.<\/p>\n<p><strong>Sobre la charla<\/strong><\/p>\n<p>En este primer encuentro informativo, las familias escucharon la exposici\u00f3n que se apoy\u00f3 en una presentaci\u00f3n institucional. Luego se dio paso a un espacio de preguntas vinculadas a la Federaci\u00f3n, forma de ahorro previo y plazo para constituirlo en UR, as\u00ed como sobre la construcci\u00f3n en altura y el proyecto de la Ex Paylana, aport\u00e1ndose la informaci\u00f3n disponible hasta el momento.<\/p>\n<p>Los asistentes dejaron sus datos para que la cooperativa los consulte en unos d\u00edas sobre su decisi\u00f3n de ingresar, tras per\u00edodo de reflexi\u00f3n y consulta familiar.<\/p>\n<p>En lo inmediato la cooperativa ya realiz\u00f3 asamblea ordinaria y fij\u00f3 elecciones de comisiones estatutarias para el emblem\u00e1tico <strong>8 de marzo<\/strong>. Paralelamente trabaja rumbo a la obtenci\u00f3n del certificado de regularidad, afiliaci\u00f3n a FECOVI y suscripci\u00f3n de contrato con IAT.<\/p>\n<p>Esta primera convocatoria a nuevos aspirantes, tras el receso veraniego, tuvo la particularidad de la asistencia de tres j\u00f3venes profesionales franceses vinculados al derecho publico y ambiental, trabajo social y econom\u00eda -que se encuentran en Paysand\u00fa en el marco de un programa de intercambio con INJU-Mides-, quienes solicitaron permiso para asistir.<\/p>\n<p>Se espera que en las pr\u00f3ximas semanas est\u00e9 el fraccionamiento concluido para dar pasaje a la Junta Departamental para el procedimiento de enajenaci\u00f3n y adjudicaci\u00f3n a las 8 cooperativas recepcionistas, entre ellas Coviappay.<\/p>\n<p>Coviappay, de la mano de FECOVI, avanza.<\/p>\n","protected":false},"excerpt":{"rendered":"<p>El lunes 26 de febrero, el asesor de FECOVI en Paysand\u00fa, con asistencia de la cooperativa Coviappay, realiz\u00f3 una charla de presentaci\u00f3n de la Federaci\u00f3n y del sistema cooperativo para &#8230;<\/p>\n","protected":false},"author":1,"featured_media":2465,"comment_status":"closed","ping_status":"closed","sticky":false,"template":"","format":"standard","meta":{"footnotes":""},"categories":[2],"tags":[],"class_list":["post-2462","post","type-post","status-publish","format-standard","has-post-thumbnail","hentry","category-noticias"],"_links":{"self":[{"href":"https:\/\/fecovi.coop\/web\/wp-json\/wp\/v2\/posts\/2462","targetHints":{"allow":["GET"]}}],"collection":[{"href":"https:\/\/fecovi.coop\/web\/wp-json\/wp\/v2\/posts"}],"about":[{"href":"https:\/\/fecovi.coop\/web\/wp-json\/wp\/v2\/types\/post"}],"author":[{"embeddable":true,"href":"https:\/\/fecovi.coop\/web\/wp-json\/wp\/v2\/users\/1"}],"replies":[{"embeddable":true,"href":"https:\/\/fecovi.coop\/web\/wp-json\/wp\/v2\/comments?post=2462"}],"version-history":[{"count":7,"href":"https:\/\/fecovi.coop\/web\/wp-json\/wp\/v2\/posts\/2462\/revisions"}],"predecessor-version":[{"id":2470,"href":"https:\/\/fecovi.coop\/web\/wp-json\/wp\/v2\/posts\/2462\/revisions\/2470"}],"wp:featuredmedia":[{"embeddable":true,"href":"https:\/\/fecovi.coop\/web\/wp-json\/wp\/v2\/media\/2465"}],"wp:attachment":[{"href":"https:\/\/fecovi.coop\/web\/wp-json\/wp\/v2\/media?parent=2462"}],"wp:term":[{"taxonomy":"category","embeddable":true,"href":"https:\/\/fecovi.coop\/web\/wp-json\/wp\/v2\/categories?post=2462"},{"taxonomy":"post_tag","embeddable":true,"href":"https:\/\/fecovi.coop\/web\/wp-json\/wp\/v2\/tags?post=2462"}],"curies":[{"name":"wp","href":"https:\/\/api.w.org\/{rel}","templated":true}]}}